{"id":496,"date":"2020-03-05T21:02:44","date_gmt":"2020-03-05T21:02:44","guid":{"rendered":"https:\/\/fuerimmerfreitag.de\/?p=496"},"modified":"2024-05-16T10:53:37","modified_gmt":"2024-05-16T08:53:37","slug":"klimawandel-dekade-des-handelns-2020-2030","status":"publish","type":"post","link":"https:\/\/fuerimmerfreitag.de\/?p=496","title":{"rendered":"Klimawandel: Dekade des Handelns 2020-2030"},"content":{"rendered":"<p>2020. Jetzt hat das Jahrzehnt begonnen, auf das es ankommt. Was macht die kommenden Jahre so wichtig?<\/p>\n<p>In den letzten Jahren wurde uns unausweichlich immer klarer: Das Klima ver\u00e4ndert sich und dies stellt die gesamte Menschheit vor eine neue Herausforderung. Diese Erkenntnis trieb 2019 viele Menschen auf die Stra\u00dfe, sogar solche, die vorher noch nie demonstriert hatten. \u00a0Die Idee des Schulstreiks war wie ein Funken und entz\u00fcndete erst die J\u00fcngeren und sp\u00e4ter auch Menschen jeden Alters, brachte sie dazu, aktiv zu werden und sich zusammen zu schlie\u00dfen. Menschen informierten sich, besch\u00e4ftigten sich mit komplizierten Zusammenh\u00e4ngen wie \u201eKipppunkten\u201c und \u201eLieferketten\u201c. Die verschiedensten Future-Gruppen entstanden: Fridays, Parents, Teachers, Church, Scientists und viele, viele mehr. Die gro\u00dfen Naturschutzverb\u00e4nde, die seit Jahrzehnten warnen, k\u00e4mpfen und sich engagieren, bekamen Zulauf und wurden dadurch st\u00e4rker. Einzelne Gruppen riefen zu zivilem Ungehorsam auf, damit die Politik endlich handelt und unseren Lebensraum nachhaltig sch\u00fctzt. Das Thema \u201eKlimakrise\u201c ist in der \u00f6ffentlichen Diskussion angekommen.<\/p>\n<p>Da stehen wir nun.<\/p>\n<p>Ein neues Jahrzehnt hat begonnen. F\u00fcr die Menschheit sind es entscheidende Jahre, denn in dieser Dekade werden wir gemeinsam die Klimakrise meistern m\u00fcssen. Die Chance ist da: Noch nie in der Geschichte der Menschheit waren der Wissenstand, die Technologie, die Kommunikation und die globale Zusammenarbeit so weit entwickelt wie heute. Wir k\u00f6nnen gemeinsame Entscheidungen treffen und die Lebensr\u00e4ume auf diesem Planeten und damit auch die Menschen sch\u00fctzen. Es k\u00f6nnen alle Menschen ern\u00e4hrt und mit Energie versorgt werden.<\/p>\n<p>Was m\u00fcssen wir daf\u00fcr tun?<\/p>\n<p>Ver\u00e4nderungen stehen an \u2013 so oder so. Noch haben wir die M\u00f6glichkeiten, diese Ver\u00e4nderungen selber zu gestalten. Es ist die Gelegenheit, Fehlentwicklungen zu korrigieren. Es ist die gro\u00dfe Chance zu erkennen, dass ein Leben und Wirtschaften, das durch Konsumwahn, Profitgier und Zeitstress gepr\u00e4gt ist, nicht nur den Planeten zerst\u00f6rt, sondern auch uns Menschen alles andere als gl\u00fccklich macht.<\/p>\n<p>Wie w\u00e4re es mit einem Zusammenleben, das Mensch und Natur sch\u00fctzt?<\/p>\n<p>Daf\u00fcr brauchen wir vor allem:<\/p>\n<ul>\n<li><strong>Die Energiewende<\/strong><br \/>\nWir m\u00fcssen erneuerbare Energie nutzen, auf Wind- und Sonnenenergie setzen und zugleich unseren gesamten Energieverbrauch senken. Dies muss politisch gef\u00f6rdert werden. Es darf zum Beispiel kein neues Kohlekraftwerk mehr ans Netz.<\/li>\n<\/ul>\n<ul>\n<li><strong>Die Konsumwende<br \/>\n<\/strong>Wir produzieren jede Menge M\u00fcll, bzw. Produkte, die in k\u00fcrzester Zeit zu M\u00fcll werden, wir kaufen diesen M\u00fcll, lassen uns diesen M\u00fcll aus weit entfernten L\u00e4ndern zuschicken, und hinterher verbrennen, verteilen und vergraben wir den M\u00fcll. Es entstehen riesige M\u00fcllberge, oder wir schmei\u00dfen den Dreck einfach ins Meer. Das alles kostet Zeit, Energie und unwiederbringliche Ressourcen. Es ist sinnlos und selbstzerst\u00f6rerisch. Damit das aufh\u00f6rt, ist nicht nur das pers\u00f6nliche Konsumverhalten wesentlich. Es braucht politische Entscheidungen. Regional, unverpackt und nachhaltig das einzukaufen, was wir wirklich brauchen, muss f\u00fcr alle Menschen m\u00f6glich und finanzierbar sein!<\/li>\n<li><strong>Die Mobilit\u00e4tswende<br \/>\n<\/strong>Der Autoverkehr ist eine der gr\u00f6\u00dften Dreckschleudern in diesem Land. Die Reduzierung des Individualverkehrs und die Nutzung umweltschonender Transportwege sind wichtige Ziele. Die derzeitige Mobilit\u00e4t t\u00f6tet Menschen, schluckt Energie, Natur und Nerven. Wir m\u00fcssen uns entschleunigen. Daf\u00fcr ist ein grunds\u00e4tzlicher Wandel unserer Arbeitswelt notwendig.<\/li>\n<\/ul>\n<p>Leicht wird das nicht. Es kann nur gelingen, wenn wir weiteren Gefahren ins Auge blicken: der erforderliche Wandel soll das Leben aller Menschen verbessern, deshalb muss er zusammen gedacht werden mit sozialer Gerechtigkeit, Demokratie und internationalem Frieden. Gesellschaftliche Spaltungen, Gewalt, Ausbeutung und Kriege m\u00fcssen \u00fcberwunden werden.<\/p>\n<p><strong>Wir sind eine Menschheit und haben nur einen Planeten. <\/strong><\/p>\n<p>Die Aufgaben, die vor uns liegen, erscheinen vielleicht wie un\u00fcberwindliche Berge, aber auch die beschwerlichste Reise beginnt letztendlich mit einzelnen Schritten.<br \/>\nGlobal denken, lokal handeln.<br \/>\nWir k\u00f6nnen alle etwas tun. Wir k\u00f6nnen uns vernetzen, gegenseitig informieren, diskutieren, demonstrieren und klimasch\u00e4dliche Gewohnheiten \u00fcberwinden. Wir k\u00f6nnen Ideen entwickeln, Prozesse ansto\u00dfen, innovative Projekte umsetzen, unterst\u00fctzen oder bekannt machen. Wir k\u00f6nnen gemeinsam auf diejenigen, die in Politik und Wirtschaft an den entscheidenden Stellschrauben sitzen, einwirken, gegen Fehlentscheidungen protestieren, selber politisch aktiv und laut werden. \u00a0Klima-Aktivismus ist nicht nur eine Aufgabe, bei der jeder und jede Einzelne gebraucht wird.<br \/>\nKlima-Aktivismus macht gl\u00fccklich, f\u00fchrt zu neuen Begegnungen, neuen Erfahrungen und hilft ungeheuer dabei, den Mut nicht zu verlieren.<\/p>\n<p>Wenn wir 2030 auf die dann zur\u00fcckliegende Dekade blicken, was wollen wir sehen?<br \/>\nW\u00e4re es nicht gro\u00dfartig, wir k\u00f6nnten dann feststellen, dass 2020-2030 die Jahre waren, in denen wir gemeinsam die wichtigsten Grundlagen f\u00fcr ein solidarisches und umweltgerechtes Miteinander auf unserem Planeten gelegt haben? F\u00fcr eine lebenswerte Zukunft?<br \/>\nW\u00e4re es nicht sch\u00f6n, dann zu wissen, dass wir alle einen Beitrag dazu geleistet haben?<\/p>\n<p>Fangen wir heute damit an, denn ab jetzt z\u00e4hlt jedes Jahr.<\/p>\n<p>&nbsp;<\/p>\n","protected":false},"excerpt":{"rendered":"<p>2020. Jetzt hat das Jahrzehnt begonnen, auf das es ankommt. Was macht die kommenden Jahre so wichtig? In den letzten Jahren wurde uns unausweichlich immer klarer: Das Klima ver\u00e4ndert sich und dies stellt die gesamte Menschheit vor eine neue Herausforderung. Diese Erkenntnis trieb 2019 viele Menschen auf die Stra\u00dfe, sogar solche, die vorher noch nie [&hellip;]<\/p>\n","protected":false},"author":3,"featured_media":556,"comment_status":"closed","ping_status":"closed","sticky":false,"template":"","format":"standard","meta":{"footnotes":""},"categories":[2,3],"tags":[],"class_list":["post-496","post","type-post","status-publish","format-standard","has-post-thumbnail","hentry","category-artikel","category-blog-2"],"jetpack_featured_media_url":"https:\/\/fuerimmerfreitag.de\/wp-content\/uploads\/2020\/04\/Banner_schmal.jpg","_links":{"self":[{"href":"https:\/\/fuerimmerfreitag.de\/index.php?rest_route=\/wp\/v2\/posts\/496","targetHints":{"allow":["GET"]}}],"collection":[{"href":"https:\/\/fuerimmerfreitag.de\/index.php?rest_route=\/wp\/v2\/posts"}],"about":[{"href":"https:\/\/fuerimmerfreitag.de\/index.php?rest_route=\/wp\/v2\/types\/post"}],"author":[{"embeddable":true,"href":"https:\/\/fuerimmerfreitag.de\/index.php?rest_route=\/wp\/v2\/users\/3"}],"replies":[{"embeddable":true,"href":"https:\/\/fuerimmerfreitag.de\/index.php?rest_route=%2Fwp%2Fv2%2Fcomments&post=496"}],"version-history":[{"count":1,"href":"https:\/\/fuerimmerfreitag.de\/index.php?rest_route=\/wp\/v2\/posts\/496\/revisions"}],"predecessor-version":[{"id":3467,"href":"https:\/\/fuerimmerfreitag.de\/index.php?rest_route=\/wp\/v2\/posts\/496\/revisions\/3467"}],"wp:featuredmedia":[{"embeddable":true,"href":"https:\/\/fuerimmerfreitag.de\/index.php?rest_route=\/wp\/v2\/media\/556"}],"wp:attachment":[{"href":"https:\/\/fuerimmerfreitag.de\/index.php?rest_route=%2Fwp%2Fv2%2Fmedia&parent=496"}],"wp:term":[{"taxonomy":"category","embeddable":true,"href":"https:\/\/fuerimmerfreitag.de\/index.php?rest_route=%2Fwp%2Fv2%2Fcategories&post=496"},{"taxonomy":"post_tag","embeddable":true,"href":"https:\/\/fuerimmerfreitag.de\/index.php?rest_route=%2Fwp%2Fv2%2Ftags&post=496"}],"curies":[{"name":"wp","href":"https:\/\/api.w.org\/{rel}","templated":true}]}}