{"id":4529,"date":"2026-09-05T00:09:37","date_gmt":"2026-09-04T22:09:37","guid":{"rendered":"https:\/\/fuerimmerfreitag.de\/?p=4529"},"modified":"2026-09-05T00:09:38","modified_gmt":"2026-09-04T22:09:38","slug":"ein-rueckblick","status":"publish","type":"post","link":"https:\/\/fuerimmerfreitag.de\/?p=4529","title":{"rendered":"Ein R\u00fcckblick&#8230;"},"content":{"rendered":"\n<p class=\"wp-block-paragraph\">F\u00fcr alle, die am Freitag nicht bei der Demo dabei sein konnten, hier ein kleiner R\u00fcckblick:<\/p>\n\n\n\n<p class=\"wp-block-paragraph\">Emilie von Fridays for Future machte den Auftakt mit einer <a href=\"https:\/\/fuerimmerfreitag.de\/wp-content\/uploads\/2026\/09\/Rede-Emilie.pdf\" data-type=\"attachment\" data-id=\"4539\" target=\"_blank\" rel=\"noopener\">mitrei\u00dfenden Rede<\/a>, einem &#8222;Rundumschlag&#8220;, wie sie selbst sagte.<\/p>\n\n\n<div class=\"wp-block-image\">\n<figure class=\"alignleft size-full\"><img loading=\"lazy\" decoding=\"async\" width=\"467\" height=\"654\" src=\"https:\/\/fuerimmerfreitag.de\/wp-content\/uploads\/2026\/09\/signal-2026-09-04-19-48-50-826_003.jpg\" alt=\"\" class=\"wp-image-4535\" srcset=\"https:\/\/fuerimmerfreitag.de\/wp-content\/uploads\/2026\/09\/signal-2026-09-04-19-48-50-826_003.jpg 467w, https:\/\/fuerimmerfreitag.de\/wp-content\/uploads\/2026\/09\/signal-2026-09-04-19-48-50-826_003-214x300.jpg 214w\" sizes=\"auto, (max-width: 467px) 100vw, 467px\" \/><\/figure>\n<\/div>\n\n\n<p class=\"wp-block-paragraph\">Anschlie\u00dfend gab es von Doro einen Veranstaltungshinweis auf die Demo des B\u00fcndnisses &#8222;Braunschweig gegen K\u00fcrzungen&#8220; am 19.9.26 um 13:00 Uhr<\/p>\n\n\n<div class=\"wp-block-image\">\n<figure class=\"alignright size-full is-resized\"><img loading=\"lazy\" decoding=\"async\" width=\"404\" height=\"570\" src=\"https:\/\/fuerimmerfreitag.de\/wp-content\/uploads\/2026\/09\/vorne.jpg\" alt=\"\" class=\"wp-image-4537\" style=\"width:238px;height:auto\" srcset=\"https:\/\/fuerimmerfreitag.de\/wp-content\/uploads\/2026\/09\/vorne.jpg 404w, https:\/\/fuerimmerfreitag.de\/wp-content\/uploads\/2026\/09\/vorne-213x300.jpg 213w\" sizes=\"auto, (max-width: 404px) 100vw, 404px\" \/><\/figure>\n<\/div>\n\n<div class=\"wp-block-image\">\n<figure class=\"alignright size-large is-resized\"><a href=\"https:\/\/fuerimmerfreitag.de\/wp-content\/uploads\/2026\/09\/hinten.jpg\" target=\"_blank\" rel=\" noopener\"><img loading=\"lazy\" decoding=\"async\" width=\"717\" height=\"1024\" src=\"https:\/\/fuerimmerfreitag.de\/wp-content\/uploads\/2026\/09\/hinten-717x1024.jpg\" alt=\"\" class=\"wp-image-4533\" style=\"aspect-ratio:0.7002092621235556;width:234px;height:auto\" srcset=\"https:\/\/fuerimmerfreitag.de\/wp-content\/uploads\/2026\/09\/hinten-717x1024.jpg 717w, https:\/\/fuerimmerfreitag.de\/wp-content\/uploads\/2026\/09\/hinten-210x300.jpg 210w, https:\/\/fuerimmerfreitag.de\/wp-content\/uploads\/2026\/09\/hinten-768x1098.jpg 768w, https:\/\/fuerimmerfreitag.de\/wp-content\/uploads\/2026\/09\/hinten.jpg 825w\" sizes=\"auto, (max-width: 717px) 100vw, 717px\" \/><\/a><\/figure>\n<\/div>\n\n\n<div style=\"height:17px\" aria-hidden=\"true\" class=\"wp-block-spacer\"><\/div>\n\n\n\n<p class=\"wp-block-paragraph\">W\u00e4hrend der folgenden <a href=\"https:\/\/fuerimmerfreitag.de\/wp-content\/uploads\/2026\/09\/Rede_GZ_04_09_26.pdf\" data-type=\"attachment\" data-id=\"4538\" target=\"_blank\" rel=\"noopener\">Rede von Ina von GermanZero Braunschweig<\/a> platze ein Regenschauer vom Himmel, der die Veranstaltung f\u00fcr ein paar Minuten unterbracht.<\/p>\n\n\n<div class=\"wp-block-image\">\n<figure class=\"aligncenter size-full is-resized\"><img loading=\"lazy\" decoding=\"async\" width=\"759\" height=\"570\" src=\"https:\/\/fuerimmerfreitag.de\/wp-content\/uploads\/2026\/09\/signal-2026-09-04-19-50-07-913_002.jpg\" alt=\"\" class=\"wp-image-4536\" style=\"width:411px;height:auto\" srcset=\"https:\/\/fuerimmerfreitag.de\/wp-content\/uploads\/2026\/09\/signal-2026-09-04-19-50-07-913_002.jpg 759w, https:\/\/fuerimmerfreitag.de\/wp-content\/uploads\/2026\/09\/signal-2026-09-04-19-50-07-913_002-300x225.jpg 300w\" sizes=\"auto, (max-width: 759px) 100vw, 759px\" \/><\/figure>\n<\/div>\n\n\n<p class=\"wp-block-paragraph\">Anschlie\u00dfend ging es nach dem Motto: &#8222;Wir sind hier, wir sind nass, auf Aktivisti ist Verla\u00df!&#8220; weiter durch die Innenstadt.<\/p>\n\n\n\n<p class=\"wp-block-paragraph\"><\/p>\n","protected":false},"excerpt":{"rendered":"<p>F\u00fcr alle, die am Freitag nicht bei der Demo dabei sein konnten, hier ein kleiner R\u00fcckblick: Emilie von Fridays for Future machte den Auftakt mit einer mitrei\u00dfenden Rede, einem &#8222;Rundumschlag&#8220;, wie sie selbst sagte. Anschlie\u00dfend gab es von Doro einen Veranstaltungshinweis auf die Demo des B\u00fcndnisses &#8222;Braunschweig gegen K\u00fcrzungen&#8220; am 19.9.26 um 13:00 Uhr W\u00e4hrend [&hellip;]<\/p>\n","protected":false},"author":1,"featured_media":4530,"comment_status":"closed","ping_status":"open","sticky":false,"template":"","format":"standard","meta":{"footnotes":""},"categories":[1],"tags":[],"class_list":["post-4529","post","type-post","status-publish","format-standard","has-post-thumbnail","hentry","category-allgemein"],"jetpack_featured_media_url":"https:\/\/fuerimmerfreitag.de\/wp-content\/uploads\/2026\/09\/signal-2026-09-04-19-48-50-826_002.jpg","_links":{"self":[{"href":"https:\/\/fuerimmerfreitag.de\/index.php?rest_route=\/wp\/v2\/posts\/4529","targetHints":{"allow":["GET"]}}],"collection":[{"href":"https:\/\/fuerimmerfreitag.de\/index.php?rest_route=\/wp\/v2\/posts"}],"about":[{"href":"https:\/\/fuerimmerfreitag.de\/index.php?rest_route=\/wp\/v2\/types\/post"}],"author":[{"embeddable":true,"href":"https:\/\/fuerimmerfreitag.de\/index.php?rest_route=\/wp\/v2\/users\/1"}],"replies":[{"embeddable":true,"href":"https:\/\/fuerimmerfreitag.de\/index.php?rest_route=%2Fwp%2Fv2%2Fcomments&post=4529"}],"version-history":[{"count":7,"href":"https:\/\/fuerimmerfreitag.de\/index.php?rest_route=\/wp\/v2\/posts\/4529\/revisions"}],"predecessor-version":[{"id":4545,"href":"https:\/\/fuerimmerfreitag.de\/index.php?rest_route=\/wp\/v2\/posts\/4529\/revisions\/4545"}],"wp:featuredmedia":[{"embeddable":true,"href":"https:\/\/fuerimmerfreitag.de\/index.php?rest_route=\/wp\/v2\/media\/4530"}],"wp:attachment":[{"href":"https:\/\/fuerimmerfreitag.de\/index.php?rest_route=%2Fwp%2Fv2%2Fmedia&parent=4529"}],"wp:term":[{"taxonomy":"category","embeddable":true,"href":"https:\/\/fuerimmerfreitag.de\/index.php?rest_route=%2Fwp%2Fv2%2Fcategories&post=4529"},{"taxonomy":"post_tag","embeddable":true,"href":"https:\/\/fuerimmerfreitag.de\/index.php?rest_route=%2Fwp%2Fv2%2Ftags&post=4529"}],"curies":[{"name":"wp","href":"https:\/\/api.w.org\/{rel}","templated":true}]}}