{"id":4405,"date":"2026-05-01T20:12:53","date_gmt":"2026-05-01T18:12:53","guid":{"rendered":"https:\/\/fuerimmerfreitag.de\/?p=4405"},"modified":"2026-05-01T20:20:34","modified_gmt":"2026-05-01T18:20:34","slug":"energiewende-eine-rolle-rueckwaerts","status":"publish","type":"post","link":"https:\/\/fuerimmerfreitag.de\/?p=4405","title":{"rendered":"Energiewende &#8211; eine Rolle r\u00fcckw\u00e4rts"},"content":{"rendered":"\n<p>Die Energiewende ist eine der Kernforderungen der Klimabewegung, um die Erderhitzung zu stoppen. Die Nutzung fossiler Energie muss abgebaut und die Nutzung erneuerbarer Energie muss ausgebaut werden \u2013 hierzu gibt es keine Alternative. Und es ist Eile geboten. Deutschland hat sich bisher mit dieser Umstellung erschreckend viel Zeit gelassen. Noch erschreckender ist allerdings, dass die aktuelle Regierung eine Rolle r\u00fcckw\u00e4rts macht und mit zahlreichen Ma\u00dfnahmen eine l\u00e4ngerfristige Nutzung fossiler Energie anstrebt.<\/p>\n\n\n\n<p>Nach der Benachteiligung von Dach-PV-Anlagen, dem Aus vom Verbrenner-Aus sowie der \u201eAbschaffung\u201c des Heizungsgesetzes zielt nun auch das sogenannte Netzpaket, dass die Wirtschaftsministerin am 21. April zur Ressortabstimmung an die anderen Ministerien gegeben hat, darauf ab, die Planung und finanzielle Kalkulation f\u00fcr den Ausbau erneuerbarer Energie zu erschweren. All das r\u00fcckt den dringend erforderlichen Gas-Ausstieg in weite Ferne.<\/p>\n\n\n\n<p>Aus diesem Grund riefen Fridays f\u00fcr Future an den letzten beiden Wochenenden zu Klima-Demos auf, die sich gezielt gegen die klimasch\u00e4dliche Politik der Bundesregierung wendet.<\/p>\n\n\n\n<p>Folgende Forderungen stellte Fridays for Future auf:<\/p>\n\n\n\n<ul class=\"wp-block-list\">\n<li>Keine neuen Gasprojekte<\/li>\n\n\n\n<li>Keine Subventionen in fossile Infrastruktur<\/li>\n\n\n\n<li>Verbindlicher Gasausstieg bis sp\u00e4testens 2035<\/li>\n\n\n\n<li>Starker Ausbau erneuerbare Energien &amp; Speicher<\/li>\n\n\n\n<li>Sozial gerechte W\u00e4rmewende<\/li>\n<\/ul>\n\n\n\n<p>Auch in Braunschweig zogen am 24. April einige hundert Menschen durch die Innenstadt und stellten sich hinter die Forderungen der Fridays for Future. Die Wut und das Unverst\u00e4ndnis f\u00fcr diesen klimapolitischen R\u00fcckfall waren deutlich zu h\u00f6ren und zu sehen.<\/p>\n\n\n\n<p>Hanna von Fridays for Future fand in ihrer Rede klare Worte. Sie betonte, dass ein steigender Meeresspiegel sich keineswegs an L\u00e4ndergrenzen h\u00e4lt und auch die Menschen in Deutschland bedroht. Sie wies ebenfalls auf die sozialen und \u00f6kologischen Auswirkungen der aktuellen politischen Entscheidungen hin.<\/p>\n\n\n\n<p><em>\u201eDamit uns solche Horrorszenarien auch mit h\u00f6chster Wahrscheinlichkeit noch im n\u00e4chsten Jahrhundert passieren, plant die Koalition die Verdopplung der Gaskraftwerke in Deutschland. Hierf\u00fcr ist man bereit, Milliarden auszugeben. Diese Ausgaben sollen allerdings nicht von der billionenschweren Gaslobby getragen werden, nein nein lieber von uns B\u00fcrger*innen, die sich teilweise kaum die Miete leisten k\u00f6nnen. Es macht einfach so viel mehr Spa\u00df, Steuern von Geringverdienern als von Milliardenkonzernen zu kassieren. Von diesen Ausgaben profitieren wir dann gleich zweimal. Beim ersten Mal durch die direkte Zerst\u00f6rung einzigartiger \u00d6kosysteme, wie unserem Wattenmeer, beim zweiten Mal dann durch den Langzeit-Effekt, der durch die rund 31 Milliarden kg zus\u00e4tzlichem C02 verursacht wird.\u201c<\/em><\/p>\n\n\n\n<p>Hannas vollst\u00e4ndige Rede ist zusammen mit Quellenangaben auf der Seite von Fridays for Future Braunschweig zu finden: <a href=\"https:\/\/fff-braunschweig.de\/naechste-demo\/\">https:\/\/fff-braunschweig.de\/naechste-demo\/<\/a><\/p>\n\n\n\n<p>Die Website <a href=\"http:\/\/www.gemeinsam-gegen-gas.de\">www.gemeinsam-gegen-gas.de<\/a> stellt auf einer interaktiven Karte die geplanten Kraftwerksstandorte dar, dazu die Orte geplanter Erdgasbohrungen, geplanter Gaspipeline und bestehender LNG-Terminals. Au\u00dferdem gibt es hier fundierter Infos zur Gas-Kraftwerksstrategie der aktuellen Wirtschaftsministerin, zur Klimasch\u00e4dlichkeit von Erdgas und zu Gas als Kostenfalle. Im Kapitel \u201eIch will Handeln!\u201c gibt es konkrete Vorschl\u00e4ge f\u00fcr eigene Aktivit\u00e4ten und Aktionen mit zahlreichen Anregungen.<\/p>\n\n\n\n<p><\/p>\n","protected":false},"excerpt":{"rendered":"<p>Die Energiewende ist eine der Kernforderungen der Klimabewegung, um die Erderhitzung zu stoppen. Die Nutzung fossiler Energie muss abgebaut und die Nutzung erneuerbarer Energie muss ausgebaut werden \u2013 hierzu gibt es keine Alternative. Und es ist Eile geboten. Deutschland hat sich bisher mit dieser Umstellung erschreckend viel Zeit gelassen. Noch erschreckender ist allerdings, dass die [&hellip;]<\/p>\n","protected":false},"author":3,"featured_media":4406,"comment_status":"closed","ping_status":"open","sticky":false,"template":"","format":"standard","meta":{"footnotes":""},"categories":[1],"tags":[],"class_list":["post-4405","post","type-post","status-publish","format-standard","has-post-thumbnail","hentry","category-allgemein"],"jetpack_featured_media_url":"https:\/\/fuerimmerfreitag.de\/wp-content\/uploads\/2026\/05\/grafik.png","_links":{"self":[{"href":"https:\/\/fuerimmerfreitag.de\/index.php?rest_route=\/wp\/v2\/posts\/4405","targetHints":{"allow":["GET"]}}],"collection":[{"href":"https:\/\/fuerimmerfreitag.de\/index.php?rest_route=\/wp\/v2\/posts"}],"about":[{"href":"https:\/\/fuerimmerfreitag.de\/index.php?rest_route=\/wp\/v2\/types\/post"}],"author":[{"embeddable":true,"href":"https:\/\/fuerimmerfreitag.de\/index.php?rest_route=\/wp\/v2\/users\/3"}],"replies":[{"embeddable":true,"href":"https:\/\/fuerimmerfreitag.de\/index.php?rest_route=%2Fwp%2Fv2%2Fcomments&post=4405"}],"version-history":[{"count":3,"href":"https:\/\/fuerimmerfreitag.de\/index.php?rest_route=\/wp\/v2\/posts\/4405\/revisions"}],"predecessor-version":[{"id":4410,"href":"https:\/\/fuerimmerfreitag.de\/index.php?rest_route=\/wp\/v2\/posts\/4405\/revisions\/4410"}],"wp:featuredmedia":[{"embeddable":true,"href":"https:\/\/fuerimmerfreitag.de\/index.php?rest_route=\/wp\/v2\/media\/4406"}],"wp:attachment":[{"href":"https:\/\/fuerimmerfreitag.de\/index.php?rest_route=%2Fwp%2Fv2%2Fmedia&parent=4405"}],"wp:term":[{"taxonomy":"category","embeddable":true,"href":"https:\/\/fuerimmerfreitag.de\/index.php?rest_route=%2Fwp%2Fv2%2Fcategories&post=4405"},{"taxonomy":"post_tag","embeddable":true,"href":"https:\/\/fuerimmerfreitag.de\/index.php?rest_route=%2Fwp%2Fv2%2Ftags&post=4405"}],"curies":[{"name":"wp","href":"https:\/\/api.w.org\/{rel}","templated":true}]}}