{"id":4328,"date":"2026-03-13T08:51:48","date_gmt":"2026-03-13T07:51:48","guid":{"rendered":"https:\/\/fuerimmerfreitag.de\/?p=4328"},"modified":"2026-03-13T13:25:21","modified_gmt":"2026-03-13T12:25:21","slug":"dekade-des-handelns","status":"publish","type":"post","link":"https:\/\/fuerimmerfreitag.de\/?p=4328","title":{"rendered":"Dekade des Handelns?"},"content":{"rendered":"\n<p>Fast genau 6 Jahre ist es her, dass wir den Beitrag <a href=\"https:\/\/fuerimmerfreitag.de\/?p=496\" target=\"_blank\" rel=\"noreferrer noopener\"><mark style=\"background-color:rgba(0, 0, 0, 0);color:#1b8646\" class=\"has-inline-color\">\u201e<strong>Klimawandel: Dekade des Handelns 2020-2030\u201c <\/strong><\/mark><\/a>ver\u00f6ffentlicht haben. \u00dcber die H\u00e4lfte dieser \u201eDekade\u201c ist nun vorbei.<\/p>\n\n\n\n<p>Ich erinnere mich noch gut an diese Zeit. Wir waren emp\u00f6rt, entschlossen, besorgt, aber sehr motiviert: Wir wussten: Die kommenden 10 Jahre werden dar\u00fcber entscheiden, ob wir die Kurve noch kriegen im Kampf gegen die Klimakrise.<\/p>\n\n\n\n<p>Es war die Hochzeit der Klimastreiks. Und es gingen nicht nur junge Menschen auf die Stra\u00dfe, auch immer mehr \u00e4ltere Menschen schlossen sich an und zeigten ihre Solidarit\u00e4t und ihre Betroffenheit. Es war eine Aufbruchstimmung mit viel Hoffnung auf grundlegende Ver\u00e4nderungen. Auf eine bessere Zukunft. Auf eine ges\u00fcndere und gerechtere Welt f\u00fcr alle.<\/p>\n\n\n\n<p>Viele Stimmen warnten schon damals: Der Zug ist jetzt schon abgefahren. Das System ist zu tr\u00e4ge. An den entscheidenden Stellen dominieren andere Interessen. Wir wollten diese Stimmen nicht h\u00f6ren, oder zumindest nicht von ihnen unseren Enthusiasmus d\u00e4mpfen lassen. Uns war klar: \u201ein dieser Dekade werden wir gemeinsam die Klimakrise meistern m\u00fcssen\u201c. Ein \u201eob\u201c durfte es nicht geben.<\/p>\n\n\n\n<p><strong>Wie liest sich der Beitrag heute?<\/strong><\/p>\n\n\n\n<p>Schon heute, sechs Jahre sp\u00e4ter, liest sich der Beitrag wie ein St\u00fcck Zeitgeschichte. Oberfl\u00e4chlich betrachtet, ist eine Seifenblase zerplatzt. Die Co2-Emissionen steigen unaufh\u00f6rlich weiter. Klimastreiks werden immer seltener und kleiner. Einige Menschen haben ersch\u00f6pft aufgegeben oder sich ganz einfach wieder den Herausforderungen des Alltags gewidmet. Zudem wissen viele Menschen gar nicht, wie sie mit den vielen verschiedenen Krisen gleichzeitig umgehen sollen.<\/p>\n\n\n\n<p><strong>Das ist aber nicht die ganze Wahrheit:<\/strong><\/p>\n\n\n\n<p>Viele Menschen sind weiterhin aktiv. Vielleicht nicht mehr bei einer der For-Future-Gruppen, daf\u00fcr bei Umweltorganisationen, in der Lokalpolitik, in privaten Gartenprojekten oder beim foodsharing. Viele Bekanntschaften und Allianzen haben sich gebildet. Was aber noch viel wichtiger ist: Das Thema \u201eKlimaschutz\u201c ist in der Mitte der Bev\u00f6lkerung angekommen. Diejenigen, die den menschengemachten Klimawandel v\u00f6llig abstreiten, sind leiser geworden. Und manches, was am Anfang der Dekade noch wie eine Utopie klang, wird inzwischen auf politischer Ebene und in der Verwaltung ernsthaft diskutiert, teilweise sogar angegangen: Begr\u00fcnung der Innenst\u00e4dte, Schwammstadtmodelle, Photovoltaik auf \u00f6ffentlichen D\u00e4chern, Mobilit\u00e4tswende, Klimabildung an Schulen, und zum Beispiel das Nachhaltigkeitszentrum.<\/p>\n\n\n\n<p>Auch die Akzeptanz f\u00fcr globale Ma\u00dfnahmen wird immer gr\u00f6\u00dfer. Und die gibt es, mehr als je zuvor: In den Gremien, die EU-Richtlinien aushandeln und formulieren und in den Gremien, die diese Richtlinien und nationales Recht umsetzen.<\/p>\n\n\n\n<p>Eines wu\u00dften wir schon vor sechs Jahren sehr genau: Klima-Aktivismus ist kein Sprint, sondern ein Marathon. Also bleibt f\u00fcr uns nur eins zu tun: Dranbleiben!<\/p>\n","protected":false},"excerpt":{"rendered":"<p>Fast genau 6 Jahre ist es her, dass wir den Beitrag \u201eKlimawandel: Dekade des Handelns 2020-2030\u201c ver\u00f6ffentlicht haben. \u00dcber die H\u00e4lfte dieser \u201eDekade\u201c ist nun vorbei. Ich erinnere mich noch gut an diese Zeit. Wir waren emp\u00f6rt, entschlossen, besorgt, aber sehr motiviert: Wir wussten: Die kommenden 10 Jahre werden dar\u00fcber entscheiden, ob wir die Kurve [&hellip;]<\/p>\n","protected":false},"author":1,"featured_media":556,"comment_status":"closed","ping_status":"open","sticky":false,"template":"","format":"standard","meta":{"footnotes":""},"categories":[1],"tags":[],"class_list":["post-4328","post","type-post","status-publish","format-standard","has-post-thumbnail","hentry","category-allgemein"],"jetpack_featured_media_url":"https:\/\/fuerimmerfreitag.de\/wp-content\/uploads\/2020\/04\/Banner_schmal.jpg","_links":{"self":[{"href":"https:\/\/fuerimmerfreitag.de\/index.php?rest_route=\/wp\/v2\/posts\/4328","targetHints":{"allow":["GET"]}}],"collection":[{"href":"https:\/\/fuerimmerfreitag.de\/index.php?rest_route=\/wp\/v2\/posts"}],"about":[{"href":"https:\/\/fuerimmerfreitag.de\/index.php?rest_route=\/wp\/v2\/types\/post"}],"author":[{"embeddable":true,"href":"https:\/\/fuerimmerfreitag.de\/index.php?rest_route=\/wp\/v2\/users\/1"}],"replies":[{"embeddable":true,"href":"https:\/\/fuerimmerfreitag.de\/index.php?rest_route=%2Fwp%2Fv2%2Fcomments&post=4328"}],"version-history":[{"count":2,"href":"https:\/\/fuerimmerfreitag.de\/index.php?rest_route=\/wp\/v2\/posts\/4328\/revisions"}],"predecessor-version":[{"id":4332,"href":"https:\/\/fuerimmerfreitag.de\/index.php?rest_route=\/wp\/v2\/posts\/4328\/revisions\/4332"}],"wp:featuredmedia":[{"embeddable":true,"href":"https:\/\/fuerimmerfreitag.de\/index.php?rest_route=\/wp\/v2\/media\/556"}],"wp:attachment":[{"href":"https:\/\/fuerimmerfreitag.de\/index.php?rest_route=%2Fwp%2Fv2%2Fmedia&parent=4328"}],"wp:term":[{"taxonomy":"category","embeddable":true,"href":"https:\/\/fuerimmerfreitag.de\/index.php?rest_route=%2Fwp%2Fv2%2Fcategories&post=4328"},{"taxonomy":"post_tag","embeddable":true,"href":"https:\/\/fuerimmerfreitag.de\/index.php?rest_route=%2Fwp%2Fv2%2Ftags&post=4328"}],"curies":[{"name":"wp","href":"https:\/\/api.w.org\/{rel}","templated":true}]}}