{"id":2381,"date":"2022-10-14T07:41:25","date_gmt":"2022-10-14T07:41:25","guid":{"rendered":"https:\/\/fuerimmerfreitag.de\/?p=2381"},"modified":"2022-10-14T07:41:25","modified_gmt":"2022-10-14T07:41:25","slug":"solidarischer-herbst","status":"publish","type":"post","link":"https:\/\/fuerimmerfreitag.de\/?p=2381","title":{"rendered":"Solidarischer Herbst"},"content":{"rendered":"<p>Klimaschutz und Sozialpolitik geh\u00f6ren zueinander \u2013 gerade, wenn die Schere zwischen Arm und Reich sich immer weiter \u00f6ffnet. Aus diesem Grund haben sich Organisationen zusammengeschlossen und die Aktion \u201eSolidarischer Herbst\u201c ins Leben gerufen<strong>. Am 22. Oktober gehen wir im Rahmen dieser Kampagne gemeinsam in sechs deutschen St\u00e4dten auf die Stra\u00dfe, n\u00e4mlich in <\/strong><a href=\"https:\/\/www.solidarischer-herbst.de\/berlin\/\">Berlin<\/a> | <a href=\"https:\/\/www.solidarischer-herbst.de\/duesseldorf\/\">D\u00fcsseldorf<\/a> | <a href=\"https:\/\/www.solidarischer-herbst.de\/dresden\/\">Dresden<\/a> | <a href=\"https:\/\/www.solidarischer-herbst.de\/frankfurt-am-main\/\">Frankfurt am Main<\/a> | <a href=\"https:\/\/www.solidarischer-herbst.de\/hannover\/\">Hannover<\/a> | <a href=\"https:\/\/www.solidarischer-herbst.de\/stuttgart\/\">Stuttgart<\/a>.<\/p>\n<p><strong>Die gro\u00dfen Umweltverb\u00e4nde<\/strong><strong> Greenpeace<\/strong> und <strong>BUND<\/strong>, das Netzwerk <strong>Attac<\/strong>, <strong>der Verein<\/strong><strong> Finanzwende<\/strong> <strong>e.V<\/strong>, die B\u00fcrgerbewegung <strong>Campact<\/strong>, der <strong>Parit\u00e4tischer Gesamtverband<\/strong> und<strong> der Sozial- und Wohlfahrtverand Volkssolidarit\u00e4t, <\/strong><strong>sowie die Gewerkschaften<\/strong><strong> ver.di<\/strong>. und <strong>GEW<\/strong> fordern gemeinsam, dass im derzeitigen Krisenmodus die dringend notwendigen Ma\u00dfnahmen zum Klimaschutz nicht gegen die dringend notwendigen Ma\u00dfnahmen zum Schutz der sozial Benachteiligten ausgespielt werden.<\/p>\n<p>So hei\u00dft es auf der gemeinsamen Aktions-Seite zum \u201eSolidarischen Herbst\u201c:<\/p>\n<p><em>\u201eF\u00fcr Millionen Menschen braucht es in dieser Krise verl\u00e4ssliche Entlastungen, Unterst\u00fctzung und soziale Sicherheit, um nicht auf der Strecke zu bleiben. <strong>Gleichzeitig drohen die langfristigen Klima- und Umweltkrisen ins Hintertreffen zu geraten.<\/strong> Wir k\u00f6nnen es uns nicht leisten, Investitionen aufzuschieben, die uns endlich unabh\u00e4ngig machen von fossilen Energien und unsere bedrohten Lebensgrundlagen sch\u00fctzen \u2013 vom Klima bis zur Artenvielfalt. <strong>Die Regierung darf Soziales und \u00d6kologisches nicht gegeneinander ausspielen.<\/strong> <strong>Sie muss beides anpacken, damit wir alle sicher durch diese Krise kommen.<\/strong><\/em><\/p>\n<p><em>Solidarische Politik hei\u00dft auch: <strong>Um diese Anstrengungen zu finanzieren, m\u00fcssen all jene beitragen, die es sich leisten k\u00f6nnen.<\/strong> Wie schon in der Corona-Pandemie sind die Verm\u00f6gen der Reichsten noch gewachsen, viele Konzerne und Banken fahren gewaltige \u00dcbergewinne ein. Die Ampel muss Verm\u00f6gende und Krisengewinnler zur Solidarit\u00e4t verpflichten und endlich angemessen belasten \u2013 damit der Staat gezielt entlasten und in unsere Zukunft investieren kann.<\/em><\/p>\n<p><em>Ob es in diesem Winter gelingt, unsere Gesellschaft vor dem Auseinanderbrechen zu bewahren und gleichzeitig die klimapolitischen Weichen zu stellen \u2013 das h\u00e4ngt entscheidend davon ab, wie viel Solidarit\u00e4t die Ampel einzufordern bereit ist. Sie hat es in der Hand, wie dieser Winter wird: Einer der Verzweiflung und Wut. Oder einer mit neuer Zuversicht f\u00fcr eine sozial gerechtere, \u00f6kologische und lebenswerte Zukunft.\u201c<\/em> (<a href=\"https:\/\/www.solidarischer-herbst.de\/\">https:\/\/www.solidarischer-herbst.de\/<\/a>)<\/p>\n<p>Sowohl <strong>Fridays for Future<\/strong> als auch <strong>Parents for Future<\/strong> <strong>Germany<\/strong> unterst\u00fctzen den Aufruf, denn gerade die Klimabewegung beobachtet mit wachsendem Schrecken, wie die Versprechungen der Vorwahlzeit, mit konsequenten Ma\u00dfnahmen das 1,5-Grad-Ziel einzuhalten und ein wirkungsvolles Klimaschutz-Sofort-Programm umzusetzen, von der Bundesregierung vertagt werden. Klimaschutzma\u00dfnahmen auf \u201ebessere Zeiten\u201c zu verschieben, kann sich jedoch keine Regierung der Welt mehr leisten \u2013 schon gar nicht die Regierung eines der reichsten L\u00e4nder.<\/p>\n<p><strong>Daher wollen wir auch von Braunschweig aus mit m\u00f6glichst vielen klimaaktiven Menschen nach Hannover zu einer der sechs gro\u00dfen Solidarit\u00e4ts-Demos fahren, die am 22. Oktober stattfinden. Seid ihr dabei? <\/strong><\/p>\n<p><strong>Die Gruppe Parents for Future Braunschweig trifft sich um 10.30 Uhr am Bahnhof, um gemeinsam mit dem Zug nach Hannover zu starten, wo um 12 Uhr auf dem Goseriedeplatz die Demo beginnt. Wir freuen uns, wenn weitere Interessierte sich anschlie\u00dfen.<\/strong><\/p>\n","protected":false},"excerpt":{"rendered":"<p>Klimaschutz und Sozialpolitik geh\u00f6ren zueinander \u2013 gerade, wenn die Schere zwischen Arm und Reich sich immer weiter \u00f6ffnet. Aus diesem Grund haben sich Organisationen zusammengeschlossen und die Aktion \u201eSolidarischer Herbst\u201c ins Leben gerufen. Am 22. Oktober gehen wir im Rahmen dieser Kampagne gemeinsam in sechs deutschen St\u00e4dten auf die Stra\u00dfe, n\u00e4mlich in Berlin | D\u00fcsseldorf [&hellip;]<\/p>\n","protected":false},"author":3,"featured_media":2383,"comment_status":"closed","ping_status":"closed","sticky":false,"template":"","format":"standard","meta":{"footnotes":""},"categories":[3],"tags":[],"class_list":["post-2381","post","type-post","status-publish","format-standard","has-post-thumbnail","hentry","category-blog-2"],"jetpack_featured_media_url":"https:\/\/fuerimmerfreitag.de\/wp-content\/uploads\/2022\/10\/2022-solidarischer-herbst.png","_links":{"self":[{"href":"https:\/\/fuerimmerfreitag.de\/index.php?rest_route=\/wp\/v2\/posts\/2381","targetHints":{"allow":["GET"]}}],"collection":[{"href":"https:\/\/fuerimmerfreitag.de\/index.php?rest_route=\/wp\/v2\/posts"}],"about":[{"href":"https:\/\/fuerimmerfreitag.de\/index.php?rest_route=\/wp\/v2\/types\/post"}],"author":[{"embeddable":true,"href":"https:\/\/fuerimmerfreitag.de\/index.php?rest_route=\/wp\/v2\/users\/3"}],"replies":[{"embeddable":true,"href":"https:\/\/fuerimmerfreitag.de\/index.php?rest_route=%2Fwp%2Fv2%2Fcomments&post=2381"}],"version-history":[{"count":0,"href":"https:\/\/fuerimmerfreitag.de\/index.php?rest_route=\/wp\/v2\/posts\/2381\/revisions"}],"wp:featuredmedia":[{"embeddable":true,"href":"https:\/\/fuerimmerfreitag.de\/index.php?rest_route=\/wp\/v2\/media\/2383"}],"wp:attachment":[{"href":"https:\/\/fuerimmerfreitag.de\/index.php?rest_route=%2Fwp%2Fv2%2Fmedia&parent=2381"}],"wp:term":[{"taxonomy":"category","embeddable":true,"href":"https:\/\/fuerimmerfreitag.de\/index.php?rest_route=%2Fwp%2Fv2%2Fcategories&post=2381"},{"taxonomy":"post_tag","embeddable":true,"href":"https:\/\/fuerimmerfreitag.de\/index.php?rest_route=%2Fwp%2Fv2%2Ftags&post=2381"}],"curies":[{"name":"wp","href":"https:\/\/api.w.org\/{rel}","templated":true}]}}