{"id":2283,"date":"2022-08-12T15:13:09","date_gmt":"2022-08-12T15:13:09","guid":{"rendered":"https:\/\/fuerimmerfreitag.de\/?p=2283"},"modified":"2024-05-16T21:12:35","modified_gmt":"2024-05-16T19:12:35","slug":"der-laute-fruehling","status":"publish","type":"post","link":"https:\/\/fuerimmerfreitag.de\/?p=2283","title":{"rendered":"Der laute Fr\u00fchling"},"content":{"rendered":"<p>Am 4. August startete ein neuer Film in den Kinos \u201eDer laute Fr\u00fchling \u2013 Gemeinsam aus der Klimakrise\u201c. Die Regisseurin und Produzentin Johanna Schellhagen hat sich der Frage gewidmet, wie und durch welche Mittel eine Klimakatastrophe verhindert werden kann. Dazu arbeitet sie mit dokumentarischen Szenen \u00fcber Streiks und soziale Aufst\u00e4nde weltweit und interviewt Aktive aus der aktuellen Klimabewegung und aus der Wissenschaft. Die Zusammenstellung f\u00fchrt schnell zu der Erkenntnis, die auch in der Klimabewegung bereits um sich greift: Der notwendige Wandel wird uns nicht ans Sofa gereicht, wir werden ihn uns auf der Stra\u00dfe erk\u00e4mpfen m\u00fcssen.<\/p>\n<p>Spannend wird der Film durch die dokumentarischen Filmsequenzen und die utopischen Animationen. Erm\u00f6glicht wurde dieser Stil-Mix durch das Berliner Frauenkollektiv labournet.tv und die \u201eGraphic Novel\u201c-Zeichnerin Lee Lai.<\/p>\n<p>Trotz dieser interessanten Herangehensweise und dieses wichtigen Themas sind die Reaktionen auf den Film kontrovers. Den einen fehlt ein schl\u00fcssiges Rezept zum Erreichen der dargestellten Utopie einer klimaneutralen Gesellschaft. Die Braunschweiger Zeitung sieht in dem Film sogar einen Aufruf zur Revolution.<\/p>\n<p>Dabei trifft diese Kritik einen Punkt, der auch innerhalb der Klimabewegung kontrovers diskutiert wird: Wenn der bisherige Druck auf Politik und Gesellschaft nicht ausreicht, was sind dann die richtigen Mittel, um noch rechtzeitig ein Umdenken zu erreichen, wie weit kann oder muss sozialer Ungehorsam gehen, welche Aktionsformen sind der drohenden Klimakatastrophe angemessen und k\u00f6nnen den erforderlichen Wandel antreiben?<\/p>\n<p>Die Verzweiflung, die junge Menschen in immer drastischere Aktionen treibt, ist dabei leider nachvollziehbar. Viel schneller als erwartet befinden wir uns schon jetzt mitten in der angedrohten Klimakrise mit allem, was in den letzten Jahrzehnten mahnend in Aussicht gestellt worden ist: Energiekrisen, Wassermangel, Hungersn\u00f6te, Waldbr\u00e4nde, ausgetrocknete Fl\u00fcsse und gef\u00e4hrliche Extremwetterlagen, um nur einige Beispiele zu nennen. Ab jetzt z\u00e4hlt jedes weitere Zehntel Grad Erderw\u00e4rmung, dennoch steigt der CO2-Aussto\u00df weltweit ungehindert an. Die Klimabewegung hat bisher viel erreicht, konnte aber mit den bisherigen Bem\u00fchungen nicht die notwendigen gesellschaftlichen, wirtschaftlichen und politischen Ver\u00e4nderungen bewirken.<\/p>\n<p>Vor diesem Hintergrund ist es vielleicht gar nicht mehr die Frage, welche der vielf\u00e4ltigen und oftmals sehr kreativen und aufw\u00e4ndigen Organisations- und Aktionsformen der jungen Klimabewegung wirkungsvoll oder legitim oder angemessen oder zielf\u00fchrend ist. Wir brauchen massive politische Ver\u00e4nderungen &#8211; und zwar jetzt. Uns mit kleinen Schritten einem nachhaltigen Leben anzun\u00e4hern, ist &#8211; wie wichtig die Ver\u00e4nderungen im Privaten auch sind und wie notwendig, alle mitzunehmen und mitzudenken &#8211; l\u00e4ngst nicht mehr ausreichend.<\/p>\n<p>Es ist h\u00f6chste Zeit, dar\u00fcber zu reden, warum wir als Eltern- und Gro\u00dfelterngeneration immer noch zum allergr\u00f6\u00dften Teil &#8211; den wissenschaftlichen Erkenntnissen und den Katastrophen vor unseren Haust\u00fcren zum Trotz \u2013 in unserem gewohnten Trott verharren und die unaufhaltsame Erderw\u00e4rmung stillschweigend hinnehmen. Unger\u00fchrt leben die industriellen Gesellschaften weiter auf Kosten des globalen S\u00fcdens und auf Kosten k\u00fcnftiger Generation \u2013 und mehr und mehr auch auf Kosten der eigenen Gesundheit, Sicherheit und Zukunft.<\/p>\n<p>Ich w\u00fcrde mir w\u00fcnschen, dass der Film \u201eDer laute Fr\u00fchling\u201c eine Auseinandersetzung \u00fcber diese Diskrepanz zwischen Wissen und Handeln anst\u00f6\u00dft und mehr Menschen ermutigt, aktiv, laut und gemeinschaftlich f\u00fcr eine klimagerechte Zukunft und den Erhalt unserer Lebensgrundlagen zu k\u00e4mpfen.<\/p>\n<p>Wer neugierig geworden ist, hat noch am Sonntag, 14.8.22 um 15.15 Uhr die Gelegenheit, den Film \u201eDer laute Fr\u00fchling\u201c im universum Filmtheater zu sehen.<br \/>\nHier findet ihr\u00a0 den Trailer: <a href=\"https:\/\/www.youtube.com\/watch?v=H7uJQNM3ieg\">https:\/\/www.youtube.com\/watch?v=H7uJQNM3ieg<\/a><br \/>\nWeitere Infos unter <a href=\"https:\/\/de.labournet.tv\/project\/der-laute-fruehling\">https:\/\/de.labournet.tv\/project\/der-laute-fruehling<\/a><\/p>\n<p>Blog-Bild: Pressebild Lee Lai<\/p>\n","protected":false},"excerpt":{"rendered":"<p>Am 4. August startete ein neuer Film in den Kinos \u201eDer laute Fr\u00fchling \u2013 Gemeinsam aus der Klimakrise\u201c. Die Regisseurin und Produzentin Johanna Schellhagen hat sich der Frage gewidmet, wie und durch welche Mittel eine Klimakatastrophe verhindert werden kann. Dazu arbeitet sie mit dokumentarischen Szenen \u00fcber Streiks und soziale Aufst\u00e4nde weltweit und interviewt Aktive aus [&hellip;]<\/p>\n","protected":false},"author":3,"featured_media":2285,"comment_status":"closed","ping_status":"closed","sticky":false,"template":"","format":"standard","meta":{"footnotes":""},"categories":[3,14],"tags":[],"class_list":["post-2283","post","type-post","status-publish","format-standard","has-post-thumbnail","hentry","category-blog-2","category-filme"],"jetpack_featured_media_url":"https:\/\/fuerimmerfreitag.de\/wp-content\/uploads\/2022\/08\/2022-der-laute-Fruehling.png","_links":{"self":[{"href":"https:\/\/fuerimmerfreitag.de\/index.php?rest_route=\/wp\/v2\/posts\/2283","targetHints":{"allow":["GET"]}}],"collection":[{"href":"https:\/\/fuerimmerfreitag.de\/index.php?rest_route=\/wp\/v2\/posts"}],"about":[{"href":"https:\/\/fuerimmerfreitag.de\/index.php?rest_route=\/wp\/v2\/types\/post"}],"author":[{"embeddable":true,"href":"https:\/\/fuerimmerfreitag.de\/index.php?rest_route=\/wp\/v2\/users\/3"}],"replies":[{"embeddable":true,"href":"https:\/\/fuerimmerfreitag.de\/index.php?rest_route=%2Fwp%2Fv2%2Fcomments&post=2283"}],"version-history":[{"count":1,"href":"https:\/\/fuerimmerfreitag.de\/index.php?rest_route=\/wp\/v2\/posts\/2283\/revisions"}],"predecessor-version":[{"id":3515,"href":"https:\/\/fuerimmerfreitag.de\/index.php?rest_route=\/wp\/v2\/posts\/2283\/revisions\/3515"}],"wp:featuredmedia":[{"embeddable":true,"href":"https:\/\/fuerimmerfreitag.de\/index.php?rest_route=\/wp\/v2\/media\/2285"}],"wp:attachment":[{"href":"https:\/\/fuerimmerfreitag.de\/index.php?rest_route=%2Fwp%2Fv2%2Fmedia&parent=2283"}],"wp:term":[{"taxonomy":"category","embeddable":true,"href":"https:\/\/fuerimmerfreitag.de\/index.php?rest_route=%2Fwp%2Fv2%2Fcategories&post=2283"},{"taxonomy":"post_tag","embeddable":true,"href":"https:\/\/fuerimmerfreitag.de\/index.php?rest_route=%2Fwp%2Fv2%2Ftags&post=2283"}],"curies":[{"name":"wp","href":"https:\/\/api.w.org\/{rel}","templated":true}]}}