{"id":2276,"date":"2022-08-04T12:42:42","date_gmt":"2022-08-04T12:42:42","guid":{"rendered":"https:\/\/fuerimmerfreitag.de\/?p=2276"},"modified":"2022-08-04T12:42:42","modified_gmt":"2022-08-04T12:42:42","slug":"ohne-kerosin-nach-berlin","status":"publish","type":"post","link":"https:\/\/fuerimmerfreitag.de\/?p=2276","title":{"rendered":"Ohne Kerosin nach Berlin"},"content":{"rendered":"<p>Unter dem Motto <span style=\"color: #339966;\"><strong><a style=\"color: #339966;\" href=\"https:\/\/ohnekerosinnachberlin.com\/\" target=\"_blank\" rel=\"noopener noreferrer\">&#8222;Ohne Kerosin Nach Berlin&#8220;<\/a><\/strong><\/span>\u00a0tragen auch dieses Jahr wieder Gruppen aus allen Himmelsrichtungen ihren Protest f\u00fcr mehr Klimagerechtigkeit auf dem Rad bis nach Berlin. Auf mittlerweile 6 Touren demonstrieren sie f\u00fcr eine gerechte und ganzheitliche Herangehensweise an die multiplen Krisen unserer Zeit. Die von den Students for Future initiierte Aktion findet diesen Sommer bereits zum dritten Mal statt.<\/p>\n<p><em>\u201eWir brauchen endlich eine ernst gemeinte Energie-, Mobilit\u00e4ts- und Agrarwende! Die gesellschaftlichen und wirtschaftlichen Strukturen m\u00fcssen jetzt radikal umgestellt werden, um die Ziele des Pariser Klimaabkommen einzuhalten und den Lebensraum Erde so zu erhalten, wie wir ihn kennen\u201c<\/em>, so Ralph Oesker Mitorganisatorin der Nordtour und Aktivist aus Mecklenburg-Vorpommern. <em>\u201eInsbesondere die Forderung nach Klimagerechtigkeit verbindet die Auswirkungen der menschengemachten Klimakrise mit Themen der Gerechtigkeit und der Menschenrechte. Die Ignoranz sozialer Ungleichheiten und unser derzeitiges unterdr\u00fcckendes Wirtschaftssystem sind katastrophale Zust\u00e4nde, die unbedingt angegangen werden m\u00fcssen.\u201c<\/em><\/p>\n<p>Am 14. August startet die Nordtour aus Ahrensburg. Die Klimaaktivist*innen radeln \u00fcber Hamburg, Hannover, Hildesheim und kommen am 21.8. auch durch Braunschweig.<\/p>\n<p>Die Etappe startet am Morgen in Wierthe beim IFEED. Sie sind gegen 11:30 am westlichen Stadtrand und wollen 1-2 Stunden durch Braunschweig radeln. Anschlie\u00dfend geht es weiter bis zum Rittergut Lauingen.<\/p>\n<p>Hast Du auch Lust die Tour ein St\u00fcck weit zu begleiten? Dann schick uns eine kurze Nachricht unter: <a href=\"mailto:p4f.bs@gmx.de\">p4f.bs@gmx.de<\/a>.<\/p>\n<p>Anschlie\u00dfend geht es \u00fcber Wolfsburg und Magdeburg zun\u00e4chst bis nach Leipzig. Dort treffen sich alle OKNB-Touren zu einem \u00f6ffentlichen Klimagerechtigkeitscamp. Auf dem Camp wird es vom 26. &#8211; 29.08. ein vielf\u00e4ltiges Programm zur Vernetzung und Weiterbildung geben.<\/p>\n<p>Mitten auf dem Marktplatz sollen mit m\u00f6glichst vielen Menschen die Facetten der Klimakatastrophe diskutiert werden. Anschlie\u00dfend geht es in einer gro\u00dfen, gemeinsamen Demo weiter bis ins politische Berlin, um die Bundesregierung in mehreren Aktionen zu einem angemessenen Krisenmanagement aufzufordern.<\/p>\n<p>\u201eF\u00fcr die Nordtour gibt es Zubringer-Touren aus Oldenburg und L\u00fcbeck. Wir freuen uns \u00fcber Unterst\u00fctzung und Touranmeldungen \u00fcber\u00a0 <span style=\"color: #339966;\"><strong><a style=\"color: #339966;\" href=\"http:\/\/www.oknb.de\/nordtour-22\/\" target=\"_blank\" rel=\"noopener noreferrer\">unsere Webseite<\/a><\/strong><\/span>.\u201c so Henning Pitzner, Aktivistin aus L\u00fcbeck ebenfalls aus dem Orga Team der diesj\u00e4hrigen Nordtour.<\/p>\n","protected":false},"excerpt":{"rendered":"<p>Unter dem Motto &#8222;Ohne Kerosin Nach Berlin&#8220;\u00a0tragen auch dieses Jahr wieder Gruppen aus allen Himmelsrichtungen ihren Protest f\u00fcr mehr Klimagerechtigkeit auf dem Rad bis nach Berlin. Auf mittlerweile 6 Touren demonstrieren sie f\u00fcr eine gerechte und ganzheitliche Herangehensweise an die multiplen Krisen unserer Zeit. Die von den Students for Future initiierte Aktion findet diesen Sommer [&hellip;]<\/p>\n","protected":false},"author":1,"featured_media":2275,"comment_status":"closed","ping_status":"closed","sticky":false,"template":"","format":"standard","meta":{"footnotes":""},"categories":[3],"tags":[],"class_list":["post-2276","post","type-post","status-publish","format-standard","has-post-thumbnail","hentry","category-blog-2"],"jetpack_featured_media_url":"https:\/\/fuerimmerfreitag.de\/wp-content\/uploads\/2022\/08\/OKNB22_Titel_klein.jpg","_links":{"self":[{"href":"https:\/\/fuerimmerfreitag.de\/index.php?rest_route=\/wp\/v2\/posts\/2276","targetHints":{"allow":["GET"]}}],"collection":[{"href":"https:\/\/fuerimmerfreitag.de\/index.php?rest_route=\/wp\/v2\/posts"}],"about":[{"href":"https:\/\/fuerimmerfreitag.de\/index.php?rest_route=\/wp\/v2\/types\/post"}],"author":[{"embeddable":true,"href":"https:\/\/fuerimmerfreitag.de\/index.php?rest_route=\/wp\/v2\/users\/1"}],"replies":[{"embeddable":true,"href":"https:\/\/fuerimmerfreitag.de\/index.php?rest_route=%2Fwp%2Fv2%2Fcomments&post=2276"}],"version-history":[{"count":0,"href":"https:\/\/fuerimmerfreitag.de\/index.php?rest_route=\/wp\/v2\/posts\/2276\/revisions"}],"wp:featuredmedia":[{"embeddable":true,"href":"https:\/\/fuerimmerfreitag.de\/index.php?rest_route=\/wp\/v2\/media\/2275"}],"wp:attachment":[{"href":"https:\/\/fuerimmerfreitag.de\/index.php?rest_route=%2Fwp%2Fv2%2Fmedia&parent=2276"}],"wp:term":[{"taxonomy":"category","embeddable":true,"href":"https:\/\/fuerimmerfreitag.de\/index.php?rest_route=%2Fwp%2Fv2%2Fcategories&post=2276"},{"taxonomy":"post_tag","embeddable":true,"href":"https:\/\/fuerimmerfreitag.de\/index.php?rest_route=%2Fwp%2Fv2%2Ftags&post=2276"}],"curies":[{"name":"wp","href":"https:\/\/api.w.org\/{rel}","templated":true}]}}