{"id":2233,"date":"2022-07-01T15:44:38","date_gmt":"2022-07-01T15:44:38","guid":{"rendered":"https:\/\/fuerimmerfreitag.de\/?p=2233"},"modified":"2022-07-01T15:44:38","modified_gmt":"2022-07-01T15:44:38","slug":"everything-will-change","status":"publish","type":"post","link":"https:\/\/fuerimmerfreitag.de\/?p=2233","title":{"rendered":"Everything will change"},"content":{"rendered":"<p>Ein Film \u00fcber das Artensterben, der Mut macht? Das scheint auf den ersten Blick ein Widerspruch in sich. Dennoch hat sich ein Filmemacher auf den Weg gemacht und einen Film gedreht, der vieles in sich zu verkn\u00fcpfen verspricht: \u00c4sthetisches, vision\u00e4res Bildmaterial, wissenschaftliche Fakten, philosophische Tiefe und die Spannung eines klassischen Science-Fiction-Dramas.<\/p>\n<p>Die Ank\u00fcndigung klingt vielversprechend:<br \/>\n\u201e<em>EVERYTHING WILL CHANGE erz\u00e4hlt den\u00a0Road-Trip dreier Antihelden, die im\u00a0Jahre 2054\u00a0auf unglaubliche Weise unseren Planeten retten. Der Film\u00a0verwebt Zukunftsfabel und wissenschaftliche Fakten zum Artensterben\u00a0zu einer ber\u00fchrenden Reflektion \u00fcber das Menschsein. Eindrucksvolle\u00a0Naturbilder\u00a0treffen auf\u00a0futuristische Infrarotaufnahmen\u00a0und Diskurse mit\u00a0hochkar\u00e4tigen Wissenschaftler:innen und K\u00fcnstler:innen. Getragen von starken Synthesizer-Kl\u00e4ngen und fein selektierten Folk-Songs werden wir auf eine\u00a0Reise durch die Naturgeschichte\u00a0geschickt, bei der wir unsere eigene Gegenwart neu entdecken: Die 2020er Jahre als Goldene Zeit der M\u00f6glichkeiten. Der Film\u00a0konfrontiert uns\u00a0mit der unerkl\u00e4rlichen\u00a0Sch\u00f6nheit der Wildnis\u00a0und\u00a0forscht\u00a0nach\u00a0unserem Ur-Verh\u00e4ltnis\u00a0zu ihr. Wo liegt die Wurzel unseres unheilvollen Verhaltens auf dieser Erde?<\/em>\u201c (<a href=\"http:\/\/www.farbfilm-verleih.de\/filme\/everything-will-change\/?context=cinema\">Everything will Change &#8211; farbfilm verleih (farbfilm-verleih.de)<\/a>)<\/p>\n<p>Der Regisseur Marten Persie, der sechs Jahre lang f\u00fcr diesen Film recherchiert hat, sagt zu seiner Motivation: <em>\u201eDas Artensterben des fr\u00fchen 21. Jahrhunderts ist naturgeschichtlich einzigartig. Es wird sich nie wieder in dem Ausma\u00df wiederholen k\u00f6nnen \u2013 was weg ist, ist weg. Es ist das gr\u00f6\u00dfte Thema unserer Zeit.\u201c<\/em> (Marten Persie)<\/p>\n<p>F\u00fcr alle, die neugierig geworden sind, ergibt sich an diesem Wochenende hier in Braunschweig, die gro\u00dfartige Gelegenheit, den Film vor dem offiziellen Filmstart am 14.7. zu sehen:<\/p>\n<p><strong>Am 03.07. um 11:00 Uhr legt die bundesweite Vorab-Tour f\u00fcr den Film auch einen Stopp im Braunschweigischen Universum Kino einlegt. Als Gespr\u00e4chsgast werden Dr. Michael Strohbach von der TU Braunschweig und Regisseur Marten Persiel anwesend sein. Hier ist der Ticketlink:\u00a0<\/strong><a href=\"https:\/\/www.universum-filmtheater.de\/startseite\/programm\/\"><strong>https:\/\/www.universum-filmtheater.de\/startseite\/programm\/<\/strong><\/a><\/p>\n<p>\u00dcber\u00a0<a href=\"http:\/\/www.everythingwillchange.de\/\">www.everythingwillchange.de<\/a>\u00a0kommt zur Website des Films und nat\u00fcrlich auch auf Social Media: @everything_will_change_film<\/p>\n<p>Also bis Sonntag, vielleicht sehen wir uns ja!<\/p>\n","protected":false},"excerpt":{"rendered":"<p>Ein Film \u00fcber das Artensterben, der Mut macht? Das scheint auf den ersten Blick ein Widerspruch in sich. Dennoch hat sich ein Filmemacher auf den Weg gemacht und einen Film gedreht, der vieles in sich zu verkn\u00fcpfen verspricht: \u00c4sthetisches, vision\u00e4res Bildmaterial, wissenschaftliche Fakten, philosophische Tiefe und die Spannung eines klassischen Science-Fiction-Dramas. Die Ank\u00fcndigung klingt vielversprechend: [&hellip;]<\/p>\n","protected":false},"author":3,"featured_media":2235,"comment_status":"closed","ping_status":"closed","sticky":false,"template":"","format":"standard","meta":{"footnotes":""},"categories":[3,14],"tags":[],"class_list":["post-2233","post","type-post","status-publish","format-standard","has-post-thumbnail","hentry","category-blog-2","category-filme"],"jetpack_featured_media_url":"https:\/\/fuerimmerfreitag.de\/wp-content\/uploads\/2022\/07\/2022-04-07_change_ffv-e-mail_banner.1170x497n-e1657276322593.jpg","_links":{"self":[{"href":"https:\/\/fuerimmerfreitag.de\/index.php?rest_route=\/wp\/v2\/posts\/2233","targetHints":{"allow":["GET"]}}],"collection":[{"href":"https:\/\/fuerimmerfreitag.de\/index.php?rest_route=\/wp\/v2\/posts"}],"about":[{"href":"https:\/\/fuerimmerfreitag.de\/index.php?rest_route=\/wp\/v2\/types\/post"}],"author":[{"embeddable":true,"href":"https:\/\/fuerimmerfreitag.de\/index.php?rest_route=\/wp\/v2\/users\/3"}],"replies":[{"embeddable":true,"href":"https:\/\/fuerimmerfreitag.de\/index.php?rest_route=%2Fwp%2Fv2%2Fcomments&post=2233"}],"version-history":[{"count":0,"href":"https:\/\/fuerimmerfreitag.de\/index.php?rest_route=\/wp\/v2\/posts\/2233\/revisions"}],"wp:featuredmedia":[{"embeddable":true,"href":"https:\/\/fuerimmerfreitag.de\/index.php?rest_route=\/wp\/v2\/media\/2235"}],"wp:attachment":[{"href":"https:\/\/fuerimmerfreitag.de\/index.php?rest_route=%2Fwp%2Fv2%2Fmedia&parent=2233"}],"wp:term":[{"taxonomy":"category","embeddable":true,"href":"https:\/\/fuerimmerfreitag.de\/index.php?rest_route=%2Fwp%2Fv2%2Fcategories&post=2233"},{"taxonomy":"post_tag","embeddable":true,"href":"https:\/\/fuerimmerfreitag.de\/index.php?rest_route=%2Fwp%2Fv2%2Ftags&post=2233"}],"curies":[{"name":"wp","href":"https:\/\/api.w.org\/{rel}","templated":true}]}}