{"id":1912,"date":"2021-11-18T20:35:48","date_gmt":"2021-11-18T20:35:48","guid":{"rendered":"https:\/\/fuerimmerfreitag.de\/?p=1912"},"modified":"2021-11-18T20:35:48","modified_gmt":"2021-11-18T20:35:48","slug":"nicht-schoen-herr-scholz","status":"publish","type":"post","link":"https:\/\/fuerimmerfreitag.de\/?p=1912","title":{"rendered":"Nicht sch\u00f6n, Herr Scholz!"},"content":{"rendered":"<p>\u201eSind Sie sich bewusst, dass bei 2 Grad Erderw\u00e4rmung bereits Milliarden von Menschen vom Hungertod bedroht sind?\u201c Und: \u201eK\u00f6nnen Sie sich emotional damit verbinden?\u201c sind einige der Fragen, mit denen Lea Bonasera und Henning Jeschke versuchen, eine Basis f\u00fcr ein gemeinsames Gespr\u00e4ch mit Olaf Scholz zu schaffen. Das Scheitern dieses Versuchs zeigt in be\u00e4ngstigender Klarheit das Missverh\u00e4ltnis zwischen Politik und Realit\u00e4t.<\/p>\n<p>Und wieder ist eine historische Chance vertan. N\u00e4mlich die Chance, einen ehrlichen Dialog mit der j\u00fcngeren Generation zu f\u00fchren. Wer sich fragt, warum unsere Regierung trotz der Tatsache, dass alle notwendigen Informationen seit mindestens 40 Jahren auf dem Tisch liegen, noch immer keinen funktionierenden Weg aus der Klimakrise einschl\u00e4gt, der bekam am Freitag die Erkl\u00e4rung.<\/p>\n<p>Am vergangenen Freitag wollten Lea Bonasera und Henning Jeschke von der Initiative \u201eLetzte Generation<a href=\"#_ftn1\" name=\"_ftnref1\">[1]<\/a>\u201c (siehe auch: <span style=\"color: #339966;\"><strong><a style=\"color: #339966;\" href=\"https:\/\/fuerimmerfreitag.de\/?p=1797\" target=\"_blank\" rel=\"noopener noreferrer\">\u201eDie Sorgen der Kinder und Jugendlichen\u201c<\/a><\/strong><\/span>) mit Herrn Scholz \u00fcber den Klimanotstand sprechen.<br \/>\nZiel dieses Gespr\u00e4chs war, die \u00d6ffentlichkeit \u00fcber die Dringlichkeit der Klimakrise zu informieren. Sie versuchten Olaf Scholz dazu zu bringen, die Bedrohlichkeit der Lage anzuerkennen. N\u00e4mlich dass die Situation nicht unter Kontrolle ist, und dass wir auf eine Katastrophe unvorstellbaren Ausma\u00dfes zusteuern. Sehr deutlich wurde, dass Olaf Scholz nicht dazu bereit war.<\/p>\n<p>\u201eIch bin dazu in der Lage [, die Klimakrise zu meistern].\u201c, sagt er und findet viele weitere sch\u00f6ne Worte. Er verweist auch wieder auf die Verantwortung der anderen Nationen. Er klingt wie sein eigenes Wahlprogramm und philosophiert monoton \u00fcber deutsche Ingenieurskunst. Und er spricht vom Strombedarf der Industrie in den k\u00fcnftigen Jahrzehnten.<\/p>\n<p>Dass er als Spitzenpolitiker meint, sich kein Anzeichen von \u201eSchw\u00e4che\u201c erlauben zu d\u00fcrfen, ist eine Sache. Dass er in keiner Weise auf die \u00c4ngste und die Verzweiflung der jungen Generation eingeht, ist ein Skandal. Den Jugendlichen wirft er vor: \u201eEs ist f\u00fcr Sie unangenehm, sich mit der Zukunft zu besch\u00e4ftigen, deshalb tun Sie das und verweigern sich. [\u2026] Das ist nicht akzeptabel, dass Sie keinen einzigen praktischen Vorschlag haben.\u201c<\/p>\n<p><strong>Wie bitte? Wessen Hausaufgaben waren das?<\/strong><\/p>\n<p><strong>\u00a0<\/strong>Hennig Jeschke versucht es immer wieder: \u201eWarum sitzen wir hier und m\u00fcssen versuchen das an Sie heranzutragen? [\u2026] Niemand hat einen Plan, um uns hier rauszuf\u00fchren aus der Katastrophe. Und die jungen Menschen, die verstehen das. Und die sehen das. Die H\u00e4lfte von ihnen hat t\u00e4gliche Angstvorstellungen vor der Zukunft in der Klimakatastrophe, weil ihr direkter Alltag betroffen sein wird.\u201c<\/p>\n<p>Olaf Scholz` Ansicht klingt so: \u201eNein, ich teile diese Beschreibung nicht. Sie machen es sich auch ehrlicherweise viel zu bequem, weil sie lauter sehr ernsthaften Politikerinnen und Politikern in allen Parteien, bei den Gr\u00fcnen, in meiner Partei, bei der FDP, sogar in der CDU kenne ich welche, die das Thema sehr ernst nehmen und das auch bek\u00e4mpfen wollen, den Klimawandel, absprechen, dass sie das ernst nehmen. Wie kommen Sie eigentlich auf diese gr\u00f6\u00dfenwahnsinnige Selbst\u00fcbersch\u00e4tzung?&#8220;<\/p>\n<p>Apropos Selbst\u00fcbersch\u00e4tzung: Relativ fr\u00fch im Gespr\u00e4ch sagte Scholz: \u201eIch m\u00f6chte sicherstellen, dass es nicht passiert, dass Menschen Hunger leiden. Ich m\u00f6chte sicherstellen, dass niemand Durst bekommt. Ich m\u00f6chte sicherstellen, dass es nicht zu Katastrophen kommt, wo sich Menschen nicht mehr selbst, dort wo sie leben, ern\u00e4hren k\u00f6nnen und der Klimawandel diese Auswirkungen hat.\u201c<\/p>\n<p><strong>Aha.<\/strong><\/p>\n<p>Die Kommentare in den Sozialen Medien besch\u00e4ftigen sich viel mit der Atmosph\u00e4re des Gespr\u00e4chs. Welche Fragen waren ungeschickt gestellt? Wie h\u00e4tte es besser laufen k\u00f6nnen?<\/p>\n<p>Doch dies lenkt am Ende nur von den Inhalten ab. Einer bringt es aus meiner Sicht gut auf den Punkt: \u201eAustausch auf Augenh\u00f6he ist vorbei. Den hat es ja vorher auch nie gegeben. Das w\u00e4re vor 20-30 Jahren sch\u00f6n gewesen. Jetzt haben wir nur noch einige wenige Jahre, um \u00fcberhaupt gravierende \u00c4nderungen vornehmen zu k\u00f6nnen. Und leider ist es so, dass gerade auch Politiker wie Scholz durch ihre Politik den Klimaschutz gebremst haben. Das vergessen viele leider auch.\u201c<\/p>\n<p>Gerade deshalb h\u00e4tte auch keine geschicktere Rhetorik ein anderes Gespr\u00e4chsergebnis herbeigef\u00fchrt. Scholz ist Polit-Profi. Mehr als professionelles Geschwafel war von ihm nicht zu erwarten und wird auch k\u00fcnftig nicht zu erwarten sein. Wahrscheinlich haben die Jugendlichen auch nicht ernsthaft mit irgendeiner Spur von Einsicht oder pers\u00f6nlicher Betroffenheit gerechnet. Sie haben die Chance genutzt, ihre Mahnungen in die \u00d6ffentlichkeit zu tragen, so wie sie es auch weiterhin mit Seminaren, Vortr\u00e4gen und Auftritten tun. Es ist ihnen hoch anzurechnen, dass sie nicht aufgeben \u2013 trotz der ersch\u00fctternden Ignoranz der deutschen Polit-Elite.<\/p>\n<p><strong>Und nun?<\/strong><\/p>\n<p>Die Aktivisten der \u201eLetzten Generation\u201c waren auf diese Situation vorbereitet. Sie haben ihr Anliegen vorgebracht und ein Bild dessen gezeichnet, in welche Situation die Politik uns derzeit f\u00fchrt.<br \/>\nUnd da die Politik sich systembedingt selbst im Weg steht, nehmen sie die Sache selbst in die Hand:<\/p>\n<p><em>\u201eWir sind die Letzte Generation, die den absoluten Klimakollaps noch abwenden kann. 2050 werden 3,4 Milliarden Menschen keine sichere Ern\u00e4hrung haben. Jetzt ist der Zeitpunkt zu handeln. Deshalb haben wir der neuen Bundesregierung ein Ultimatum gestellt.<\/em><\/p>\n<p><strong><em>Wir fordern:<\/em><\/strong><\/p>\n<p><em>\u00a01) <\/em><em>Die Einf\u00fchrung eines Essen-Retten-Gesetz f\u00fcr den Gro\u00dfhandel noch dieses Jahr. Dieses Gesetz liegt, mit Unterst\u00fctzung von GermanZero, bereits ausformuliert vor.\u00a0<\/em><\/p>\n<p><em>\u00a02) <\/em><em>Eine echte Agrarwende \u2013 wir fordern die Umsetzung der Ma\u00dfnahmen f\u00fcr nachhaltige Landwirtschaft, die der B\u00fcrgerrat Klima dieses Jahr bereits auf den Tisch gelegt hat.\u201c<\/em><\/p>\n<p>Sind diese Forderungen bis Jahresende nicht erf\u00fcllt, sollen friedliche, aber sp\u00fcrbare Blokaden von z.B. Autobahnen die Folge sein.<\/p>\n<p>Falls ihr Lust habt, Euch selber einen Vortrag der \u201eLetzten Generation\u201c zu ihren Forderungen und Zielen anzuh\u00f6ren, findet ihr hier <span style=\"color: #339966;\"><strong><a style=\"color: #339966;\" href=\"https:\/\/letztegeneration.de\/vortraege\/\" target=\"_blank\" rel=\"noopener noreferrer\">Termine.<\/a><\/strong><\/span><\/p>\n<p>Eine Aufzeichnung des Gespr\u00e4chs zwischen Lea Bonasera, Henning Jeschke und Olaf Scholz k\u00f6nnt ihr <strong><span style=\"color: #339966;\"><a style=\"color: #339966;\" href=\"https:\/\/www.youtube.com\/watch?v=q0KpnFzFQgc&amp;t=3006s\" target=\"_blank\" rel=\"noopener noreferrer\">hier<\/a><\/span><\/strong> ansehen.<\/p>\n<p>&nbsp;<\/p>\n<p><a href=\"#_ftnref1\" name=\"_ftn1\">[1]<\/a> Gemeint ist nicht die letzte Generation der Menschheit, sondern die letzte, die noch das Schlimmste verhindern kann.<\/p>\n<p><em>Titelfoto: <\/em><span style=\"color: #339966;\"><strong><a style=\"color: #339966;\" href=\"https:\/\/www.flickr.com\/photos\/184802432@N05\/\" target=\"_blank\" rel=\"noopener noreferrer\"><em>Stefan M\u00fcller<\/em><\/a><\/strong><\/span><\/p>\n","protected":false},"excerpt":{"rendered":"<p>\u201eSind Sie sich bewusst, dass bei 2 Grad Erderw\u00e4rmung bereits Milliarden von Menschen vom Hungertod bedroht sind?\u201c Und: \u201eK\u00f6nnen Sie sich emotional damit verbinden?\u201c sind einige der Fragen, mit denen Lea Bonasera und Henning Jeschke versuchen, eine Basis f\u00fcr ein gemeinsames Gespr\u00e4ch mit Olaf Scholz zu schaffen. Das Scheitern dieses Versuchs zeigt in be\u00e4ngstigender Klarheit [&hellip;]<\/p>\n","protected":false},"author":1,"featured_media":1916,"comment_status":"closed","ping_status":"closed","sticky":false,"template":"","format":"standard","meta":{"footnotes":""},"categories":[2,3],"tags":[],"class_list":["post-1912","post","type-post","status-publish","format-standard","has-post-thumbnail","hentry","category-artikel","category-blog-2"],"jetpack_featured_media_url":"https:\/\/fuerimmerfreitag.de\/wp-content\/uploads\/2021\/11\/51675614477_8b9b63ee02_o.jpg","_links":{"self":[{"href":"https:\/\/fuerimmerfreitag.de\/index.php?rest_route=\/wp\/v2\/posts\/1912","targetHints":{"allow":["GET"]}}],"collection":[{"href":"https:\/\/fuerimmerfreitag.de\/index.php?rest_route=\/wp\/v2\/posts"}],"about":[{"href":"https:\/\/fuerimmerfreitag.de\/index.php?rest_route=\/wp\/v2\/types\/post"}],"author":[{"embeddable":true,"href":"https:\/\/fuerimmerfreitag.de\/index.php?rest_route=\/wp\/v2\/users\/1"}],"replies":[{"embeddable":true,"href":"https:\/\/fuerimmerfreitag.de\/index.php?rest_route=%2Fwp%2Fv2%2Fcomments&post=1912"}],"version-history":[{"count":0,"href":"https:\/\/fuerimmerfreitag.de\/index.php?rest_route=\/wp\/v2\/posts\/1912\/revisions"}],"wp:featuredmedia":[{"embeddable":true,"href":"https:\/\/fuerimmerfreitag.de\/index.php?rest_route=\/wp\/v2\/media\/1916"}],"wp:attachment":[{"href":"https:\/\/fuerimmerfreitag.de\/index.php?rest_route=%2Fwp%2Fv2%2Fmedia&parent=1912"}],"wp:term":[{"taxonomy":"category","embeddable":true,"href":"https:\/\/fuerimmerfreitag.de\/index.php?rest_route=%2Fwp%2Fv2%2Fcategories&post=1912"},{"taxonomy":"post_tag","embeddable":true,"href":"https:\/\/fuerimmerfreitag.de\/index.php?rest_route=%2Fwp%2Fv2%2Ftags&post=1912"}],"curies":[{"name":"wp","href":"https:\/\/api.w.org\/{rel}","templated":true}]}}