{"id":1878,"date":"2021-10-22T14:25:32","date_gmt":"2021-10-22T14:25:32","guid":{"rendered":"https:\/\/fuerimmerfreitag.de\/?p=1878"},"modified":"2021-10-22T14:25:32","modified_gmt":"2021-10-22T14:25:32","slug":"wer-hat-die-schoenste-zukunftsvision","status":"publish","type":"post","link":"https:\/\/fuerimmerfreitag.de\/?p=1878","title":{"rendered":"Wer hat die sch\u00f6nste Zukunftsvision?"},"content":{"rendered":"<p>Leben in einer nachhaltigen Welt \u2013 was werden wir ge\u00e4ndert haben? Wie werden wir leben?<\/p>\n<p>Das Team der Kampagne Unser2035 hat im Sommer zu einem Schreibwettbewerb aufgerufen. Ziel war es, positive Zukunftsvisionen in Worte zu fassen. Denn allen bedrohlichen Szenarien zum Trotz, mit denen der Klimawandel uns konfrontiert, ist es wichtig, ein positives Ziel vor Augen zu haben. Nur dann k\u00f6nnen wir die Kraft und den Mut entwickeln, die notwendigen Ver\u00e4nderungen anzugehen \u2013 im Kleinen wie im Gro\u00dfen.<\/p>\n<p>24 Geschichten sind eingesandt worden. Sie alle beschreiben ganz pers\u00f6nliche Fantasien, Sehns\u00fcchte, Vorstellungen und Erwartungen in Form von Gedichten, Kurzgeschichten oder Briefen.<\/p>\n<p>Die beliebtesten Beitr\u00e4ge werden in das <strong>Buchprojekt UNSER2035<\/strong> aufgenommen. Bis Ende Oktober sind alle interessierten Menschen aufgerufen, die Geschichten, die ihnen besonders gut gefallen, mit einem \u201eDaumen hoch\u201c zu unterst\u00fctzen.<\/p>\n<p>Vielleicht m\u00f6gt ihr ja die Idee, dass im Hamburg der Zukunft \u201e<em>Schietwetter<\/em>\u201c eine ganz andere Bedeutung hat als heute?<\/p>\n<p>Oder ihr habt Spa\u00df daran, mit Claudia in einen smarten und fairen Tag zu starten, an einem fr\u00fchen Morgen im Jahr 2035?<\/p>\n<p>Ihr k\u00f6nnt Nele bei einem Spaziergang mit ihrem Gro\u00dfvater begleiten und h\u00f6ren, was den Wald gerettet hat.<\/p>\n<p>Oder ihr folgt einem spannenden Dialog, in dem Ute und Simone dar\u00fcber nachdenken, wie sehr die Digitalisierung unser Leben bis ins Jahr 2035 ver\u00e4ndert hat.<\/p>\n<p>Seid ihr neugierig zu erfahren, warum jeder Freitag im Jahr 2035 ein Feiertag ist?<\/p>\n<p>F\u00fcr alle, die es gerne kurzgefasst m\u00f6gen, w\u00e4re das <em>Klima-Elfchen<\/em> zu empfehlen. Eine Zukunftsvision in 11 Worten:<\/p>\n<p style=\"text-align: center;\"><strong>ZUKUNFT<\/strong><\/p>\n<p style=\"text-align: center;\"><strong>PLASTIKLOS FROH<\/strong><\/p>\n<p style=\"text-align: center;\"><strong>SONNE SCHENKT ENERGIE<\/strong><\/p>\n<p style=\"text-align: center;\"><strong>INSEKTEN UMTANZEN BUNTE BL\u00dcTEN<\/strong><\/p>\n<p style=\"text-align: center;\"><strong>GESCHAFFT<\/strong><\/p>\n<p>F\u00fcr alle, die mehr lesen wollen, sind die weiteren Beitr\u00e4ge unter diesem Link zu finden: <strong><a href=\"https:\/\/unser2035.de\/zukunftsgeschichten\" target=\"_blank\" rel=\"noopener noreferrer\">https:\/\/unser2035.de\/zukunftsgeschichten<\/a><\/strong>. <strong>Nicht vergessen: Lesen und Daumen hoch!<\/strong><\/p>\n<p><strong>Unser 2035 <\/strong>ist ein Projekt der <strong>Parents for Future Germany<\/strong>. Das <strong>Unser 2035-Team<\/strong> umfasst 30 Personen aus ganz Deutschland. Unterst\u00fctzt wird es von den Fridays for Future, den Creatives for Future, den Scientists for Future und vielen anderen engagierten Menschen aus der Klimabewegung.<\/p>\n<p>Auf der Seite <a href=\"http:\/\/www.unser2035.de\" target=\"_blank\" rel=\"noopener noreferrer\"><strong>www.unser2035.de<\/strong><\/a> sind nicht nur die fiktive Geschichten des Schreibwettbewerbs, sondern auch viele Fakten und wissenschaftlich fundierte Zukunftsszenarien zu finden, wie auch weitere Mitmach-Aktionen. Ein wichtiges Anliegen dieser Kampagne ist es, Menschen nicht nur zu informieren, sondern vor allem zu dazu zu ermutigen, eine lebenswerte Zukunft gemeinsam zu gestalten.<\/p>\n<p>Im Oktober 2021 hat das Projekt den 2. Preis der Klima-Arena in der Kategorie \u201eKommunikationsformate aus Alltag und Arbeitswelt, Kommune, Gemeinde und Nachbarschaft\u201d (B\u00fcrger:innen-Preis der KLIMA ARENA) erhalten.<\/p>\n<p>Foto: Clara C4F<\/p>\n","protected":false},"excerpt":{"rendered":"<p>Leben in einer nachhaltigen Welt \u2013 was werden wir ge\u00e4ndert haben? Wie werden wir leben? Das Team der Kampagne Unser2035 hat im Sommer zu einem Schreibwettbewerb aufgerufen. Ziel war es, positive Zukunftsvisionen in Worte zu fassen. Denn allen bedrohlichen Szenarien zum Trotz, mit denen der Klimawandel uns konfrontiert, ist es wichtig, ein positives Ziel vor [&hellip;]<\/p>\n","protected":false},"author":3,"featured_media":1884,"comment_status":"closed","ping_status":"closed","sticky":false,"template":"","format":"standard","meta":{"footnotes":""},"categories":[3],"tags":[],"class_list":["post-1878","post","type-post","status-publish","format-standard","has-post-thumbnail","hentry","category-blog-2"],"jetpack_featured_media_url":"https:\/\/fuerimmerfreitag.de\/wp-content\/uploads\/2021\/10\/klimawandel-2021-2035-3-2-e1634916863910.jpg","_links":{"self":[{"href":"https:\/\/fuerimmerfreitag.de\/index.php?rest_route=\/wp\/v2\/posts\/1878","targetHints":{"allow":["GET"]}}],"collection":[{"href":"https:\/\/fuerimmerfreitag.de\/index.php?rest_route=\/wp\/v2\/posts"}],"about":[{"href":"https:\/\/fuerimmerfreitag.de\/index.php?rest_route=\/wp\/v2\/types\/post"}],"author":[{"embeddable":true,"href":"https:\/\/fuerimmerfreitag.de\/index.php?rest_route=\/wp\/v2\/users\/3"}],"replies":[{"embeddable":true,"href":"https:\/\/fuerimmerfreitag.de\/index.php?rest_route=%2Fwp%2Fv2%2Fcomments&post=1878"}],"version-history":[{"count":0,"href":"https:\/\/fuerimmerfreitag.de\/index.php?rest_route=\/wp\/v2\/posts\/1878\/revisions"}],"wp:featuredmedia":[{"embeddable":true,"href":"https:\/\/fuerimmerfreitag.de\/index.php?rest_route=\/wp\/v2\/media\/1884"}],"wp:attachment":[{"href":"https:\/\/fuerimmerfreitag.de\/index.php?rest_route=%2Fwp%2Fv2%2Fmedia&parent=1878"}],"wp:term":[{"taxonomy":"category","embeddable":true,"href":"https:\/\/fuerimmerfreitag.de\/index.php?rest_route=%2Fwp%2Fv2%2Fcategories&post=1878"},{"taxonomy":"post_tag","embeddable":true,"href":"https:\/\/fuerimmerfreitag.de\/index.php?rest_route=%2Fwp%2Fv2%2Ftags&post=1878"}],"curies":[{"name":"wp","href":"https:\/\/api.w.org\/{rel}","templated":true}]}}