{"id":1772,"date":"2021-08-19T05:32:58","date_gmt":"2021-08-19T05:32:58","guid":{"rendered":"https:\/\/fuerimmerfreitag.de\/?p=1772"},"modified":"2021-08-19T05:32:58","modified_gmt":"2021-08-19T05:32:58","slug":"altkleider","status":"publish","type":"post","link":"https:\/\/fuerimmerfreitag.de\/?p=1772","title":{"rendered":"Altkleider"},"content":{"rendered":"<p>Altkleidersammlung appelliert an unser soziales und \u00f6kologisches Gewissen. Dinge an die \u201earmen Menschen in Afrika\u201c zu spenden, klingt erstmal toll. Aber rechtfertigt es auch, alte Klamotten tonnenweise um die halbe Welt zu transportieren?<\/p>\n<p>Neulich habe ich gelesen, dass ein gro\u00dfer Online-H\u00e4ndler die M\u00f6glichkeit bietet, gebrauchte Kleidung einzuschicken und den Erl\u00f6s daf\u00fcr an ein gemeinn\u00fctziges Projekt der eigenen Wahl zu spenden. \u201ePrima!\u201c, dachte ich. Ich fand das war eine gute Idee, endlich in der ganzen Familie Kleidung gro\u00dfz\u00fcgig auszumisten. Platz schaffen, Ressourcen weiter verwerten und dann auch noch Geld spenden.<\/p>\n<p>\u201eWei\u00dft Du denn nicht, dass unsere Kleiderspenden in Afrika die regionale Textilindustrie zerst\u00f6ren?\u201c fragte mein Vater. Er gab mir den Film \u201e<span style=\"color: #339966;\"><strong><a style=\"color: #339966;\" href=\"https:\/\/www.ezef.de\/filme\/oburoni-wawu-die-kleider-der-toten-weissen\/587\" target=\"_blank\" rel=\"noopener noreferrer\">Die Kleider der toten Wei\u00dfen<\/a><\/strong><\/span><a href=\"#_ftn1\" name=\"_ftnref1\">[1]<\/a>\u201c.<\/p>\n<p>Dieser Dokumentarfilm aus dem Jahr 1995 besch\u00e4ftigt sich mit der Problematik, die die zahlreichen gutgemeinten Altkleiderspenden f\u00fcr die Menschen in einigen L\u00e4ndern Afrikas bedeuten.<\/p>\n<p>Ja, aber kann es denn wirklich so schlimm sein, aussortierte Kleidung an andere Menschen weiter zu geben?<\/p>\n<p>Fakt ist: In Afrika wird die Kleidung nicht kostenlos abgegeben. Die Kosten f\u00fcr den Transport sind viel zu hoch. Sie landen dort auf M\u00e4rkten. F\u00fcr weniger Geld als regional gefertigte Kleidung.<\/p>\n<p>Und was ist dann mit den Menschen in Afrika, die nicht einmal Geld f\u00fcr gebrauchte Kleidung haben?<br \/>\nIm Film kommt ein Mann genau zu dieser Frage zu Wort. Er beschreibt, dass in seiner Gemeinde die Kirche daf\u00fcr sorgt, dass lokale Kleider gesammelt und an Bed\u00fcrftige abgegeben werden. Dies sei durchaus ausreichend, um alle zu versorgen.<\/p>\n<p>In Deutschland gibt es eine wahre Flut von Altkleidern. Grund ist zum gro\u00dfen Teil die sogenannte <span style=\"color: #339966;\"><strong><a style=\"color: #339966;\" href=\"https:\/\/fuerimmerfreitag.de\/?p=1161\" target=\"_blank\" rel=\"noopener noreferrer\">\u201eFast Fashion\u201c<\/a><\/strong><\/span>. Immer mehr Kleidungsst\u00fccke werden immer billiger und immer seltener getragen. Das f\u00fchrt dazu, dass jeden Tag unendliche Mengen an Altkleidern in Container geworfen werden.<\/p>\n<p>Kleidung aus dem Container ist nicht automatisch eine Spende oder wird f\u00fcr wohlt\u00e4tige Zwecke eingesetzt. Der Weg der gesammelten Altkleider ist sehr unterschiedlich. Das Wenigste davon wird \u00fcber soziale Einrichtungen kostenlos an bed\u00fcrftige Menschen abgegeben. Die Sortierbetriebe verkaufen die Kleidung zum Teil an Second Hand-L\u00e4den in Deutschland. Es gibt aber auch Betriebe, die ausschlie\u00dflich ins Ausland, meist nach Osteuropa oder Afrika, verkaufen und das ist der weitaus gr\u00f6\u00dfte Teil. Laut Fachverband Textilrecycling werden rund 21% zu Putzlappen zerschnitten. Ein kleiner Teil wird geschreddert und zu Malervlies verarbeitet. Nur wenn es nicht anders geht, wird die Kleidung verbrannt. Laut Verband sind das 2% der Containersammlung.<\/p>\n<p>Inzwischen vermieten caritative Einrichtungen ihre Container h\u00e4ufig an kommerzielle H\u00e4ndler. Mit den Einnahmen finanzieren sie ihre caritative Arbeit. Im Film wird dies sehr drastisch so formuliert:<\/p>\n<p><strong>\u201eWer aber braucht dann die wohlt\u00e4tigen Kleiderspenden? Die Antwort muss lauten: Die caritativen Organisationen in den Industrienationen. Afrika leistet durch die Altkleiderk\u00e4ufe soziale Entwicklungshilfe an den reichen Norden in Millionenh\u00f6he. Denn je mehr staatliche Mittel f\u00fcr Soziales gestrichen werden, umso st\u00e4rker suchen diese Organisationen nach anderen Geldquellen f\u00fcr ihre Arbeit.\u201c<\/strong><\/p>\n<p>Ich merke, dass das Thema viel komplexer ist, als ich zun\u00e4chst gedacht habe. Und ich merke, dass die Idee, Kleidung, die ich selber nicht mehr anziehen m\u00f6chte, weil sie mir nicht mehr gut genug ist, vor allem f\u00fcr mich praktisch ist und mein Gewissen erleichtern soll.<\/p>\n<p>Schlimmer noch:Ich finde den Gedanken be\u00e4ngstigend, dass ich ein Anrecht auf neue Kleidung habe, und andere sich mit abgelegten Klamotten begn\u00fcgen sollen.<\/p>\n<p>Ich habe schon in der Vergangenheit nicht besonders viel Geld f\u00fcr Kleidung ausgegeben. Shopping ist definitiv keine Leidenschaft von mir. Dennoch hat sich meine Sichtweise nochmal ge\u00e4ndert. Aus meiner Sicht ist es wichtig, viel fr\u00fcher anzusetzen.<\/p>\n<p><strong>F\u00fcr mich pers\u00f6nlich habe ich beschlossen:<\/strong><\/p>\n<ul>\n<li>Wenn ich etwas Neues brauche, schaue ich zuerst im Second-Hand-Laden.<\/li>\n<li>Sollte ich dort nichts finden, kaufe ich Kleidung aus nachhaltiger Produktion und nur Kleidung von der ich erwarte, dass sie lange h\u00e4lt.<\/li>\n<li>Kleidung, die nicht mehr passt, gebe ich an einen Second-Hand-Laden in der Stadt. Oder ich gehe auch mal auf Kleidertauschb\u00f6rsen.<\/li>\n<li>Ich trage meine Kleidung, bis sie kaputt geht.<\/li>\n<li>Wenn m\u00f6glich, repariere ich sie oder gestalte sie zu etwas Neuem um.<\/li>\n<\/ul>\n<p>&nbsp;<\/p>\n<p><a href=\"#_ftnref1\" name=\"_ftn1\">[1]<\/a> &#8222;Oburoni Wawu&#8220;, die Kleider der toten Wei\u00dfen &#8211; mit diesem Begriff wurden in Ghana die ersten Altkleider bezeichnet, die als Spenden aus Europa eintrafen. Unvorstellbar, dass Lebende so gute Kleider einfach wegwerfen k\u00f6nnten. Heute glaubt das allerdings in Ghana niemand mehr, geblieben aber ist der Name f\u00fcr die gebrauchten Kleider.<\/p>\n","protected":false},"excerpt":{"rendered":"<p>Altkleidersammlung appelliert an unser soziales und \u00f6kologisches Gewissen. Dinge an die \u201earmen Menschen in Afrika\u201c zu spenden, klingt erstmal toll. Aber rechtfertigt es auch, alte Klamotten tonnenweise um die halbe Welt zu transportieren? Neulich habe ich gelesen, dass ein gro\u00dfer Online-H\u00e4ndler die M\u00f6glichkeit bietet, gebrauchte Kleidung einzuschicken und den Erl\u00f6s daf\u00fcr an ein gemeinn\u00fctziges Projekt [&hellip;]<\/p>\n","protected":false},"author":1,"featured_media":1762,"comment_status":"closed","ping_status":"closed","sticky":false,"template":"","format":"standard","meta":{"footnotes":""},"categories":[15],"tags":[],"class_list":["post-1772","post","type-post","status-publish","format-standard","has-post-thumbnail","hentry","category-haushalt"],"jetpack_featured_media_url":"https:\/\/fuerimmerfreitag.de\/wp-content\/uploads\/2021\/08\/Altkleider_klein.jpg","_links":{"self":[{"href":"https:\/\/fuerimmerfreitag.de\/index.php?rest_route=\/wp\/v2\/posts\/1772","targetHints":{"allow":["GET"]}}],"collection":[{"href":"https:\/\/fuerimmerfreitag.de\/index.php?rest_route=\/wp\/v2\/posts"}],"about":[{"href":"https:\/\/fuerimmerfreitag.de\/index.php?rest_route=\/wp\/v2\/types\/post"}],"author":[{"embeddable":true,"href":"https:\/\/fuerimmerfreitag.de\/index.php?rest_route=\/wp\/v2\/users\/1"}],"replies":[{"embeddable":true,"href":"https:\/\/fuerimmerfreitag.de\/index.php?rest_route=%2Fwp%2Fv2%2Fcomments&post=1772"}],"version-history":[{"count":0,"href":"https:\/\/fuerimmerfreitag.de\/index.php?rest_route=\/wp\/v2\/posts\/1772\/revisions"}],"wp:featuredmedia":[{"embeddable":true,"href":"https:\/\/fuerimmerfreitag.de\/index.php?rest_route=\/wp\/v2\/media\/1762"}],"wp:attachment":[{"href":"https:\/\/fuerimmerfreitag.de\/index.php?rest_route=%2Fwp%2Fv2%2Fmedia&parent=1772"}],"wp:term":[{"taxonomy":"category","embeddable":true,"href":"https:\/\/fuerimmerfreitag.de\/index.php?rest_route=%2Fwp%2Fv2%2Fcategories&post=1772"},{"taxonomy":"post_tag","embeddable":true,"href":"https:\/\/fuerimmerfreitag.de\/index.php?rest_route=%2Fwp%2Fv2%2Ftags&post=1772"}],"curies":[{"name":"wp","href":"https:\/\/api.w.org\/{rel}","templated":true}]}}