{"id":1751,"date":"2021-08-05T17:29:42","date_gmt":"2021-08-05T17:29:42","guid":{"rendered":"https:\/\/fuerimmerfreitag.de\/?p=1751"},"modified":"2021-08-05T17:29:42","modified_gmt":"2021-08-05T17:29:42","slug":"aktionswoche-klima-an-allen-schulen","status":"publish","type":"post","link":"https:\/\/fuerimmerfreitag.de\/?p=1751","title":{"rendered":"Aktionswoche Klima \u2013 an allen Schulen!"},"content":{"rendered":"<p><strong>\u201eDie Dringlichkeit des Klimawandels verstehen und aktiv werden &#8211; wir machen es einfach!\u201c <\/strong>\u2013 Das ist das Motto der Aktionswoche Klima, initiiert von <strong>\u201eSchools for Future\u201c<\/strong>.<\/p>\n<p>Vom 20. bis 24. September 2021 haben bundesweit alle Schulen die M\u00f6glichkeit, ihren Sch\u00fclerinnen und Sch\u00fclern die Bedeutung der Klimakrise auf altersgerechte Weise begreifbar zu machen.<\/p>\n<p>Das Angebot ist dabei so aufgebaut, dass es sehr <strong>flexibel<\/strong> in den Unterricht eingebaut werden kann. So kann die Schule nur einen oder <strong>mehrere Projekttage<\/strong> oder auch eine <strong>ganze Woche<\/strong> durchf\u00fchren. Die Angebote richten sich an Sch\u00fcler*innen ab der dritten Klasse, wobei die vielf\u00e4ltigen und <strong>multimedialen Materialien<\/strong> von Lehrer*innen einfach und ohne zus\u00e4tzlichen Aufwand in den Unterricht einbezogen werden k\u00f6nnen. Die Materialien sind dabei Modular aufgebaut.<\/p>\n<p>Die Basis bildet dabei ein <strong>kurzer Film<\/strong>, der erkl\u00e4rt, wie die Klimakrise entstanden ist, was auf dem Spiel steht, und welche <strong>L\u00f6sungswege<\/strong> wir gehen k\u00f6nnen. Dann gibt es eine interaktive, sowohl altersstufen- als auch lerntypendifferenzierten Website, auf der je nach Alter und Lerntyp unterschiedliche Lernpfade gew\u00e4hlt werden k\u00f6nnen.<\/p>\n<p>Im sogenannten <strong>F\u00e4cher-Modul<\/strong> k\u00f6nnen die vielen verschiedenen Facetten der Klimakrise betrachtet werden. Weiterf\u00fchrenden Materialien f\u00fcr die einfache Gestaltung von Klima-<strong>Workshops<\/strong> im Fachunterricht stehen zum Download bereit.<\/p>\n<p>Die wissenschaftlich und p\u00e4dagogisch hochwertige Materialien werden vorab von einem Team aus Wissenschaftlerinnen und P\u00e4dagoginnen gepr\u00fcft. Die Initiative wird dabei vom <strong><a href=\"https:\/\/wupperinst.org\/a\/wi\/a\/s\/ad\/5169\" target=\"_blank\" rel=\"noopener noreferrer\">Wuppertal Institut<\/a><\/strong> und vom <a href=\"https:\/\/www.iass-potsdam.de\/de\" target=\"_blank\" rel=\"noopener noreferrer\"><strong>IASS Potsdam<\/strong><\/a> unterst\u00fctzt.<\/p>\n<p>Dar\u00fcber hinaus gibt es die M\u00f6glichkeit direkt mit Klima-Expertinnen und -Experten zu kommunizieren: per <strong>Livestream<\/strong> direkt in den Klassenraum!<br \/>\nAn jedem Tag der Aktionswoche steht ein anderer Aspekt der Klimakrise im Fokus<\/p>\n<p>Doch wie kommen Schulen dazu, diese Unterrichtsmaterialien anzubieten? Ganz einfach: Durch Anregungen von au\u00dfen. Eltern, Sch\u00fcler*innen, Lehrer*innen, aber auch au\u00dfenstehende Personen k\u00f6nnen ihr Interesse bekunden.<\/p>\n<p>Nat\u00fcrlich k\u00f6nnen Lehrer*innen selbst diese Materialien im Unterricht einbinden. Aber auch Eltern und Sch\u00fcler*innen k\u00f6nnen den Wunsch in der Schule vortragen. Hat man selber keinen direkten Kontakt zu einer Schule oder m\u00f6chte man vorab \u201eVerb\u00fcndete\u201c finden, kann man erstmal indirekt aktiv werden.<\/p>\n<p>Dazu k\u00f6nnen Interessierte sich auf einer <strong><a href=\"https:\/\/schoolsforfuture.net\/de\/project\/caw\/school\/new\/#form\" target=\"_blank\" rel=\"noopener noreferrer\">Online-Karte<\/a><\/strong> an der Schule der Wahl eintragen. Denn: Je mehr Eltern einer Schule sich eintragen, umso wahrscheinlicher ist es, dass die Schulleitung dazu bereit sein wird, die Aktionswoche Klima an der Schule stattfinden zu lassen.<\/p>\n<p>Unterst\u00fctzt wird das gesamte Projekt von Prominenten wie Cornelia &amp; Prof. Volker Quaschning, Eckart von Hirschhausen, Shary Reeves-Nyasani oder Dr. Gregor Hagedorn, dem Initiator der Scientists for Future. Aber auch die GEW, die Gewerkschaft Erziehung und Wissenschaft geh\u00f6rt dazu. Alle weiteren Unterst\u00fctzer*innen findet ihr hier: <a href=\"https:\/\/schoolsforfuture.net\/de\/project\/caw\/school\/new\/#supporters\">https:\/\/schoolsforfuture.net\/de\/project\/caw\/school\/new\/#supporters<\/a><\/p>\n<p>Alle Informationen findet ihr in <a href=\"https:\/\/fuerimmerfreitag.de\/wp-content\/uploads\/2021\/08\/Flyer_Aktionswoche_Klima.pdf\" target=\"_blank\" rel=\"noopener noreferrer\"><strong>diesem Flyer<\/strong><\/a><strong>,<\/strong> oder auf dieser Internetseite: <a href=\"https:\/\/schoolsforfuture.net\/de\/project\/caw\/school\/new\/\">https:\/\/schoolsforfuture.net\/de\/project\/caw\/school\/new\/<\/a><\/p>\n<p>&nbsp;<\/p>\n<p>&nbsp;<\/p>\n<p>&nbsp;<\/p>\n","protected":false},"excerpt":{"rendered":"<p>\u201eDie Dringlichkeit des Klimawandels verstehen und aktiv werden &#8211; wir machen es einfach!\u201c \u2013 Das ist das Motto der Aktionswoche Klima, initiiert von \u201eSchools for Future\u201c. Vom 20. bis 24. September 2021 haben bundesweit alle Schulen die M\u00f6glichkeit, ihren Sch\u00fclerinnen und Sch\u00fclern die Bedeutung der Klimakrise auf altersgerechte Weise begreifbar zu machen. Das Angebot ist [&hellip;]<\/p>\n","protected":false},"author":1,"featured_media":1750,"comment_status":"closed","ping_status":"closed","sticky":false,"template":"","format":"standard","meta":{"footnotes":""},"categories":[3],"tags":[],"class_list":["post-1751","post","type-post","status-publish","format-standard","has-post-thumbnail","hentry","category-blog-2"],"jetpack_featured_media_url":"https:\/\/fuerimmerfreitag.de\/wp-content\/uploads\/2021\/08\/aktionswoche-klima_breit.jpg","_links":{"self":[{"href":"https:\/\/fuerimmerfreitag.de\/index.php?rest_route=\/wp\/v2\/posts\/1751","targetHints":{"allow":["GET"]}}],"collection":[{"href":"https:\/\/fuerimmerfreitag.de\/index.php?rest_route=\/wp\/v2\/posts"}],"about":[{"href":"https:\/\/fuerimmerfreitag.de\/index.php?rest_route=\/wp\/v2\/types\/post"}],"author":[{"embeddable":true,"href":"https:\/\/fuerimmerfreitag.de\/index.php?rest_route=\/wp\/v2\/users\/1"}],"replies":[{"embeddable":true,"href":"https:\/\/fuerimmerfreitag.de\/index.php?rest_route=%2Fwp%2Fv2%2Fcomments&post=1751"}],"version-history":[{"count":0,"href":"https:\/\/fuerimmerfreitag.de\/index.php?rest_route=\/wp\/v2\/posts\/1751\/revisions"}],"wp:featuredmedia":[{"embeddable":true,"href":"https:\/\/fuerimmerfreitag.de\/index.php?rest_route=\/wp\/v2\/media\/1750"}],"wp:attachment":[{"href":"https:\/\/fuerimmerfreitag.de\/index.php?rest_route=%2Fwp%2Fv2%2Fmedia&parent=1751"}],"wp:term":[{"taxonomy":"category","embeddable":true,"href":"https:\/\/fuerimmerfreitag.de\/index.php?rest_route=%2Fwp%2Fv2%2Fcategories&post=1751"},{"taxonomy":"post_tag","embeddable":true,"href":"https:\/\/fuerimmerfreitag.de\/index.php?rest_route=%2Fwp%2Fv2%2Ftags&post=1751"}],"curies":[{"name":"wp","href":"https:\/\/api.w.org\/{rel}","templated":true}]}}