{"id":1725,"date":"2021-07-23T17:41:20","date_gmt":"2021-07-23T17:41:20","guid":{"rendered":"https:\/\/fuerimmerfreitag.de\/?p=1725"},"modified":"2021-07-23T17:41:20","modified_gmt":"2021-07-23T17:41:20","slug":"1725","status":"publish","type":"post","link":"https:\/\/fuerimmerfreitag.de\/?p=1725","title":{"rendered":"Unser 2035 &#8211; Wie wollen wir leben?"},"content":{"rendered":"<p>\u201eEs braucht bei der Klimakrise nicht Hoffnung, sondern Mut.\u201c So lautet ein Zitat von Carola Rackete.<\/p>\n<p>Wo nehmen wir den Mut her, der n\u00f6tig ist, um die Klimakrise zu bew\u00e4ltigen? Es reicht ja nicht, wenn wir die unausweichlichen Ver\u00e4nderungen hinnehmen und ertragen. Nein, wir m\u00fcssen aktiv werden, selber gestalten und zugleich politische Entscheidungen einfordern, gemeinsam nach L\u00f6sungen suchen, alte Gewohnheiten ablegen und Altvertrautes neu denken, um eine lebenswerte Umwelt f\u00fcr uns und unsere Kinder und Enkelkinder zu erhalten.<\/p>\n<p>Oje, das klingt anstrengend.<\/p>\n<p>Mitglieder von Parents for Future und anderen Future- Gruppierungen haben sich Ende 2020 zusammengefunden und eine bundesweite Kampagne entwickelt mit dem Titel: <a href=\"..\/..\/Parents%20for%20Future%20Germany\/AG%20Klimawahl\/Kampagne\/2035\/Werbematerialien\/2035_Info_A4.pdf\"><strong>Unser2035-Wie wollen wir leben?<\/strong><\/a><\/p>\n<p>Kerngedanke dieser Aktion ist die Gewissheit, dass wir Menschen ein positives Ziel vor Augen haben m\u00fcssen. Dann sind wir auch bereit, schwierige und beschwerliche Schritte zu gehen, um dieses Ziel zu erreichen.<\/p>\n<p>Deshalb ruft das etwa 50k\u00f6pfige bundesweite Organisationsteam dazu auf, positive Zukunftsvisionen zu entwickeln. Wie k\u00f6nnte eine nachhaltige Welt aussehen, in der die Klimakrise bew\u00e4ltigt worden ist? K\u00f6nnte nicht vieles sogar viel besser sein als heute? Die St\u00e4dte gr\u00fcner, das Essen ges\u00fcnder, der Alltag entschleunigt, das Miteinander gemeinschaftlicher?<\/p>\n<p>Alle Ideen und kreativen Vorschl\u00e4ge sind wichtig und finden auf \u201e<a href=\"http:\/\/www.unser2035.de\"><strong>Unser 2035<\/strong><\/a>\u201c ihren Platz. Denn \u2013 so die \u00dcberzeugung der Initiatorinnen und Initiatoren \u2013 nur gemeinsam k\u00f6nnen wir wirklich gute L\u00f6sungen f\u00fcr die derzeitigen Probleme finden und eine gute Zukunft gestalten.<\/p>\n<p>Im Rahmen eines <a href=\"..\/..\/Parents%20for%20Future%20Germany\/AG%20Klimawahl\/Kampagne\/2035\/Werbematerialien\/MyStory_2035.pdf\"><strong>Schreib-Wettbewerbs<\/strong><\/a> wird dazu aufgerufen, in Kurzgeschichten, Gedichten, Songtexten die eigene Zukunftsvision in Worte zu fassen. Die beliebtesten Beitr\u00e4ge werden dann in einem <strong>Buch \u201eUnser2035\u201c<\/strong> ver\u00f6ffentlicht und der neuen Regierung als Geschenk \u00fcberreicht. Die Teilnahmebedingungen sind <a href=\"..\/..\/Parents%20for%20Future%20Germany\/AG%20Klimawahl\/Kampagne\/2035\/Werbematerialien\/MyStory_2035.pdf\"><strong>hier<\/strong><\/a> nachzulesen.<\/p>\n<p>F\u00fcr alle, die lieber Bilder malen, Fotos gestalten oder kurze Videos drehen, gibt es die M\u00f6glichkeit, die eigenen visuellen Ideen auf der Seite \u201eZukunftsbilder\u201c hochzuladen.<\/p>\n<p>Weitere Mitmachaktionen sind in der Vorbereitung. So k\u00f6nnen zu verschiedenen Themen Fachartikel ver\u00f6ffentlicht werden, und gerade die \u00e4ltere Generation wird in K\u00fcrze dazu aufgerufen, die \u201ebesten Ideen von gestern f\u00fcr morgen\u201c einzureichen. Denn wer wei\u00df zum Beispiel heute noch, wie Gartengem\u00fcse haltbar gemacht werden kann?<\/p>\n<p>Mit all den Beitr\u00e4gen entsteht auf der Seite \u201eUnser2035\u201c ein buntes, gemeinschaftlich gestaltetes Zukunftskaleidoskop, das Mut macht, neue Wege zu gehen.<\/p>\n<p>Empfehlenswert dazu auch der Film <strong>\u201eBrief an die Gro\u00dfeltern\u201c,<\/strong> der im Rahmen der Kampagne entstanden ist und in knapp zwei Minuten deutlich macht, worum es geht und was gerade jetzt wichtig ist: <strong>die Zukunft unserer Kinder und Enkelkinder<\/strong>. Einfach mal hineinschauen und einfach mitmachen: <a href=\"https:\/\/www.youtube.com\/watch?v=TY6qNdoRd6Y&amp;t=6s\"><strong>https:\/\/www.youtube.com\/watch?v=TY6qNdoRd6Y&amp;t=6s<\/strong><\/a><\/p>\n<p>Es lohnt sich!<\/p>\n","protected":false},"excerpt":{"rendered":"<p>\u201eEs braucht bei der Klimakrise nicht Hoffnung, sondern Mut.\u201c So lautet ein Zitat von Carola Rackete. Wo nehmen wir den Mut her, der n\u00f6tig ist, um die Klimakrise zu bew\u00e4ltigen? Es reicht ja nicht, wenn wir die unausweichlichen Ver\u00e4nderungen hinnehmen und ertragen. Nein, wir m\u00fcssen aktiv werden, selber gestalten und zugleich politische Entscheidungen einfordern, gemeinsam [&hellip;]<\/p>\n","protected":false},"author":3,"featured_media":1729,"comment_status":"closed","ping_status":"closed","sticky":false,"template":"","format":"standard","meta":{"footnotes":""},"categories":[3],"tags":[],"class_list":["post-1725","post","type-post","status-publish","format-standard","has-post-thumbnail","hentry","category-blog-2"],"jetpack_featured_media_url":"https:\/\/fuerimmerfreitag.de\/wp-content\/uploads\/2021\/07\/unser2035_2klein-3.jpg","_links":{"self":[{"href":"https:\/\/fuerimmerfreitag.de\/index.php?rest_route=\/wp\/v2\/posts\/1725","targetHints":{"allow":["GET"]}}],"collection":[{"href":"https:\/\/fuerimmerfreitag.de\/index.php?rest_route=\/wp\/v2\/posts"}],"about":[{"href":"https:\/\/fuerimmerfreitag.de\/index.php?rest_route=\/wp\/v2\/types\/post"}],"author":[{"embeddable":true,"href":"https:\/\/fuerimmerfreitag.de\/index.php?rest_route=\/wp\/v2\/users\/3"}],"replies":[{"embeddable":true,"href":"https:\/\/fuerimmerfreitag.de\/index.php?rest_route=%2Fwp%2Fv2%2Fcomments&post=1725"}],"version-history":[{"count":0,"href":"https:\/\/fuerimmerfreitag.de\/index.php?rest_route=\/wp\/v2\/posts\/1725\/revisions"}],"wp:featuredmedia":[{"embeddable":true,"href":"https:\/\/fuerimmerfreitag.de\/index.php?rest_route=\/wp\/v2\/media\/1729"}],"wp:attachment":[{"href":"https:\/\/fuerimmerfreitag.de\/index.php?rest_route=%2Fwp%2Fv2%2Fmedia&parent=1725"}],"wp:term":[{"taxonomy":"category","embeddable":true,"href":"https:\/\/fuerimmerfreitag.de\/index.php?rest_route=%2Fwp%2Fv2%2Fcategories&post=1725"},{"taxonomy":"post_tag","embeddable":true,"href":"https:\/\/fuerimmerfreitag.de\/index.php?rest_route=%2Fwp%2Fv2%2Ftags&post=1725"}],"curies":[{"name":"wp","href":"https:\/\/api.w.org\/{rel}","templated":true}]}}