{"id":1709,"date":"2021-07-16T21:10:18","date_gmt":"2021-07-16T21:10:18","guid":{"rendered":"https:\/\/fuerimmerfreitag.de\/?p=1709"},"modified":"2021-07-16T21:10:18","modified_gmt":"2021-07-16T21:10:18","slug":"rettet-braunschweig-das-klima","status":"publish","type":"post","link":"https:\/\/fuerimmerfreitag.de\/?p=1709","title":{"rendered":"Rettet Braunschweig das Klima?"},"content":{"rendered":"<p>Die Scientists for Future Braunschweig bewerteten k\u00fcrzlich in einer Pressemitteilung den Zwischenstand zum <span style=\"color: #339966;\"><strong><a style=\"color: #339966;\" href=\"https:\/\/www.braunschweig.de\/leben\/umwelt_naturschutz\/klima\/klimaschutzkonzept-2.0\/klimaschutzkonzept.php\" target=\"_blank\" rel=\"noopener noreferrer\">Klimaschutzkonzept 2.0<\/a><\/strong><\/span>.<br \/>\n<strong>Fazit: Es sind aus wissenschaftlicher Sicht noch viele Fragen offen.<\/strong><\/p>\n<p><strong>Ein kurzer R\u00fcckblick:<\/strong><\/p>\n<p>In einem ersten Schritt wurden von September 2020 bis Februar 2021 im Rahmen einer B\u00fcrgerbeteiligung zwei <strong>Auftaktveranstaltungen<\/strong>, sowie <strong>sechs Fachworkshops<\/strong> zu Themen von der Energieversorgung \u00fcber Verkehr und Geb\u00e4ude bis hin zu Wirtschaft und Politik durchgef\u00fchrt.<\/p>\n<p>Bei der \u00f6ffentlichen Auftaktveranstaltung wurden Eckpunkte der Fortschreibung des Integrierten Klimaschutzkonzepts f\u00fcr die Stadt Braunschweig vorgestellt: CO2-Bilanz der Stadt Braunschweig, Quellen der CO2-Emissionen, m\u00f6gliche Reduktionspfade, Energieszenarien, sowie der notwendige Ausbau der Erneuerbaren Energien.<\/p>\n<p>In den Fachworkshops wurden konkrete <strong>Ma\u00dfnahmenkataloge<\/strong> erarbeitet, die den Klimaschutz in den verschiedenen Themengebieten ma\u00dfgeblich vorantreiben. Die Workshops waren produktiv, transparent und zielf\u00fchrend.<\/p>\n<p><strong>Grunds\u00e4tzlich ist zu begr\u00fc\u00dfen<\/strong>, dass sich die Stadt Braunschweig das im Pariser Klimaschutzabkommen formulierte 1,5\u00b0C -Ziel als Rahmenbedingung f\u00fcr ihre k\u00fcnftigen Ziele im Klimaschutz setzt.<\/p>\n<p><strong>Problematisch<\/strong> wird es aber bei der Frage, wie dieses Ziel erreicht werden soll. Hierzu wurden von Seiten der Stadtverwaltung w\u00e4hrend der Auftaktveranstaltung im September 2020 verschiedene m\u00f6gliche <strong>Reduktionspfade<\/strong> vorgestellt. Einer dieser Pfade, der Emissionspfad \u201eSzenario\u201c strebt CO2-Neutralit\u00e4t allerdings erst nach 2050 an, was weder mit dem 1,5\u00b0C Ziel kompatibel ist, noch der neuen Gesetzeslage entspricht, die sich durch das k\u00fcrzlich verabschiedete neue Klimaschutzgesetz<a href=\"#_ftn1\" name=\"_ftnref1\">[1]<\/a> ergeben hat. Die Frage ist also, ob mit den Zielen, die wom\u00f6glich im Klimaschutzkonzept verankert werden sollen, das 1,5\u00b0C -Ziel \u00fcberhaupt erreicht werden kann.<\/p>\n<p>Weitere kritische Punkte im neuen Klimaschutzkonzept ist das Thema <strong>Carbon Dioxide Removal (CDR), <\/strong>die sogenannten \u201enegativen Emissionen\u201c. Dabei geht es um Ma\u00dfnahmen, die in irgendeiner Form dazu dienen, CO2 aus der Luft zu entnehmen. Es handelt sich hierbei aber teilweise um Technologien, die noch gar nicht zur Verf\u00fcgung stehen oder als gef\u00e4hrlich und kritisch zu bewerten sind.<\/p>\n<p><strong>\u201eNegative Emissionen\u201c<\/strong> in ferner Zukunft sind nach heutigem Kenntnisstand hochspekulativ und unsicher und sollten nicht Bestandteil eines ernst gemeinten Klimaschutzkonzeptes sein. Bei Emissionsszenarien mit diesen sogenannten \u201enegativen Emissionen\u201c, welche CO2-Neutralit\u00e4t erst nach 2050 anstreben, wird praktisch ein \u201eKohlenstoff-Kredit\u201c aufgenommen, den die nachfolgenden Generationen zur\u00fcckzahlen m\u00fcssen. Diese Strategie ist nach Einsch\u00e4tzung der Scientists nicht mit dem Urteil des Bundesverfassungsgerichtes vereinbar. Auch die Einrechnung von potentiellen CO2-Senken durch W\u00e4lder oder die Wiedervern\u00e4ssung von Mooren in die CO2-Bilanz ist eher ein \u201eRechentrick\u201c, um h\u00f6here Emissionen an anderer Stelle \u201eauszugleichen\u201c und sich mit weniger ambitionierten Ma\u00dfnahmen zu begn\u00fcgen.<\/p>\n<p><strong>Wie geht es nun weiter?<\/strong><\/p>\n<p>Seit dem letzten Fachworkshop am 18.02.2021 wurden von Seiten der Stadt lange Zeit leider keine weiteren Informationen ver\u00f6ffentlicht.<\/p>\n<p>Es ist aber dringend erforderlich, dass zwischen der Ver\u00f6ffentlichung eines Entwurfs des Klimaschutzkonzepts 2.0 und dem Beschluss durch den Rat der Stadt Braunschweig hinreichend Zeit zur Verf\u00fcgung steht, um die Ergebnisse im Rahmen der B\u00fcrger*innenbeteiligung zu pr\u00fcfen und zu diskutieren.<\/p>\n<p>Prof.Dr. Andreas H\u00f6rdt bewertet den Stand der Dinge folgenderma\u00dfen: <em>&#8222;Durch das Urteil des Bundesverfassungsgerichtes und das neue Klimaschutzgesetz ergeben sich neue Rahmenbedingungen, auf die die Verwaltung der Stadt Braunschweig nun reagieren muss. Das Klimaschutzkonzept 2.0 muss dringend angepasst werden, und das Thema sollte bei der n\u00e4chsten Sitzung des Planungs- und Umweltausschusses ganz oben auf der Tagesordnung stehen. Die Reduktionspfade m\u00fcssen pr\u00e4zisiert werden und Sofort-Ma\u00dfnahmen sollten so schnell wie m\u00f6glich eingeleitet werden.\u201c\u00a0 <\/em><\/p>\n<p>Diese n\u00e4chste <strong>Sitzung des Planungs- und Umweltausschusses<\/strong> findet \u00fcbrigens am kommenden <strong>Mittwoch, den 21.7.<\/strong> statt und ist (zum Teil) <strong>\u00f6ffentlich. <\/strong>Wenn Euch interessiert auf welchem Stand die Planung ist, schaut es Euch doch an. N\u00e4here Informationen zur Sitzung findet ihr hier: <a href=\"https:\/\/ratsinfo.braunschweig.de\/bi\/to010.asp?SILFDNR=1001981\" target=\"_blank\" rel=\"noopener noreferrer\"><strong>Tagesordnung<\/strong><\/a><\/p>\n<p>Ausf\u00fchrliche Informationen zur Beschlussvorlage findet ihr hier: <a href=\"https:\/\/ratsinfo.braunschweig.de\/bi\/___tmp\/tmp\/45081036\/3UbUqggY6rTN6bLqs4p0kdqyyoyskMz7NflwiQI8\/xMQLJaUvO\/1487544.pdf\" target=\"_blank\" rel=\"noopener noreferrer\"><strong>Beschlussvorlage<\/strong><\/a><\/p>\n<p><strong>Im Anschluss an den \u00f6ffentlichen Teil der Sitzung findet eine Einwohnerfragestunde statt, sofern Fragen vorliegen.<\/strong><\/p>\n<p>Ich finde, wir sollten deutlich machen, dass wir an einem ambitionierten Klimaschutzkonzept 2.0 interessiert sind. Eine bessere Gelegenheit dazu wird es so schnell vielleicht nicht geben.<\/p>\n<p>Die vollst\u00e4ndige Pressemitteilung findet ihr \u00fcbrigens hier: <a href=\"https:\/\/fuerimmerfreitag.de\/wp-content\/uploads\/2021\/07\/2021-06-29-PM-Scientiests-for-Future-zum-IKSK-2.0-Braunschweig.pdf\">2021-06-29 PM Scientiests for Future zum IKSK 2.0 Braunschweig<\/a><\/p>\n<p>&nbsp;<\/p>\n<p><strong>\u00dcber die Scientists for Future<br \/>\n<\/strong>Die Scientists for Future Braunschweig sind ein \u00fcberinstitutioneller, \u00fcberparteilicher und interdisziplin\u00e4rer Zusammenschluss von Wissenschaftler*innen, die sich f\u00fcr eine nachhaltige Zukunft engagieren. Unter dem Motto &#8222;Wir forschen und handeln, wir sind mutig und wir \u00e4ndern etwas!&#8220; unterst\u00fctzen wir in beratender Funktion die lokalen Fridays und Students for Future in Braunschweig und Umgebung. Als Regionalgruppe Braunschweig schlie\u00dfen wir uns der Charta der bundesweiten Scientist for Future an: https:\/\/www.scientists4future.org\/about\/charta\/<\/p>\n<p>&nbsp;<\/p>\n<p>&nbsp;<\/p>\n<p>&nbsp;<\/p>\n<p><a href=\"#_ftnref1\" name=\"_ftn1\">[1]<\/a> Am 24.3.2021 hat das <strong>Bundesverfassungsgericht<\/strong> beschlossen, dass die Regelungen des aktuellen Klimaschutzgesetzes mit den Grundrechten unvereinbar sind, da hinreichende Ma\u00dfgaben zur Emissionsminderung ab dem Jahr 2031 fehlen. Die Bundesregierung hat darauf sehr schnell reagiert und einen Gesetzentwurf vorgelegt, der am 24.6.2021 vom Bundestag beschlossen wurde. In diesem Gesetzentwurf ist festgelegt, dass Netto-Treibhausgasneutralit\u00e4t bereits 2045 erreicht werden muss. Dieses Ziel ist verbunden <strong>mit deutlich strengeren Reduktionszielen schon bis 2030.<\/strong><\/p>\n<p>&nbsp;<\/p>\n","protected":false},"excerpt":{"rendered":"<p>Die Scientists for Future Braunschweig bewerteten k\u00fcrzlich in einer Pressemitteilung den Zwischenstand zum Klimaschutzkonzept 2.0. Fazit: Es sind aus wissenschaftlicher Sicht noch viele Fragen offen. Ein kurzer R\u00fcckblick: In einem ersten Schritt wurden von September 2020 bis Februar 2021 im Rahmen einer B\u00fcrgerbeteiligung zwei Auftaktveranstaltungen, sowie sechs Fachworkshops zu Themen von der Energieversorgung \u00fcber Verkehr [&hellip;]<\/p>\n","protected":false},"author":1,"featured_media":1707,"comment_status":"closed","ping_status":"closed","sticky":false,"template":"","format":"standard","meta":{"footnotes":""},"categories":[3,4],"tags":[],"class_list":["post-1709","post","type-post","status-publish","format-standard","has-post-thumbnail","hentry","category-blog-2","category-braunschweig"],"jetpack_featured_media_url":"https:\/\/fuerimmerfreitag.de\/wp-content\/uploads\/2021\/07\/KSK-Beitragsbild.jpg","_links":{"self":[{"href":"https:\/\/fuerimmerfreitag.de\/index.php?rest_route=\/wp\/v2\/posts\/1709","targetHints":{"allow":["GET"]}}],"collection":[{"href":"https:\/\/fuerimmerfreitag.de\/index.php?rest_route=\/wp\/v2\/posts"}],"about":[{"href":"https:\/\/fuerimmerfreitag.de\/index.php?rest_route=\/wp\/v2\/types\/post"}],"author":[{"embeddable":true,"href":"https:\/\/fuerimmerfreitag.de\/index.php?rest_route=\/wp\/v2\/users\/1"}],"replies":[{"embeddable":true,"href":"https:\/\/fuerimmerfreitag.de\/index.php?rest_route=%2Fwp%2Fv2%2Fcomments&post=1709"}],"version-history":[{"count":0,"href":"https:\/\/fuerimmerfreitag.de\/index.php?rest_route=\/wp\/v2\/posts\/1709\/revisions"}],"wp:featuredmedia":[{"embeddable":true,"href":"https:\/\/fuerimmerfreitag.de\/index.php?rest_route=\/wp\/v2\/media\/1707"}],"wp:attachment":[{"href":"https:\/\/fuerimmerfreitag.de\/index.php?rest_route=%2Fwp%2Fv2%2Fmedia&parent=1709"}],"wp:term":[{"taxonomy":"category","embeddable":true,"href":"https:\/\/fuerimmerfreitag.de\/index.php?rest_route=%2Fwp%2Fv2%2Fcategories&post=1709"},{"taxonomy":"post_tag","embeddable":true,"href":"https:\/\/fuerimmerfreitag.de\/index.php?rest_route=%2Fwp%2Fv2%2Ftags&post=1709"}],"curies":[{"name":"wp","href":"https:\/\/api.w.org\/{rel}","templated":true}]}}