{"id":1574,"date":"2021-05-14T06:21:23","date_gmt":"2021-05-14T06:21:23","guid":{"rendered":"https:\/\/fuerimmerfreitag.de\/?p=1574"},"modified":"2021-05-14T06:21:23","modified_gmt":"2021-05-14T06:21:23","slug":"mein-baum-fuer-braunschweig","status":"publish","type":"post","link":"https:\/\/fuerimmerfreitag.de\/?p=1574","title":{"rendered":"Mein Baum f\u00fcr Braunschweig"},"content":{"rendered":"<p>Unsere Stadt soll gr\u00fcner werden. Jeder Baum mehr tr\u00e4gt dazu bei, das Klima in unserer Stadt in so vielf\u00e4ltiger Weise zu verbessern. So gilt es einerseits den vorhandenen Baumbestand zu sch\u00fctzen und zu erweitern, aber auch, Ausf\u00e4lle im vorhandenen Baumbestand aufgrund von Alter, Trockenheit, St\u00fcrmen oder Sch\u00e4dlingen auszugleichen. Der Einsatz f\u00fcr B\u00e4ume beginnt im eigenen Garten, in der Nachbarschaft, im eigenen Stadtteil, wenn wir uns vor Ort f\u00fcr den Erhalt des Baumbestandes oder f\u00fcr Neuanpflanzungen einsetzen oder uns an Baumpflanzaktionen beteiligen.<br \/>\nEine weitere M\u00f6glichkeit ergibt sich durch eine aktuelle stadtweite Aktion:<\/p>\n<p>Die Stadt hat das Baumspendenprogramm <strong>\u201eMein Baum f\u00fcr Braunschweig\u201c<\/strong> ins Leben gerufen. Daran k\u00f6nnen wir alle uns beteiligen.<br \/>\nDie Kosten f\u00fcr die Pflanzung eines jungen Baumes sind nicht unerheblich. So richtet sich das Angebot \u2013 mit dem Blick auf den Preis \u2013 zum Teil wohl an Unternehmen oder Vereine, so verstehe ich jedenfalls den <strong>Ereignisbaum.<br \/>\n<\/strong>Aber auch eine Spende zur Geburt eines Kindes oder in Erinnerung an einen verstorbenen Menschen sind eine sch\u00f6ne Geste.<\/p>\n<p><strong>Es bestehen dazu drei M\u00f6glichkeiten:<\/strong><\/p>\n<ul>\n<li>das Bepflanzen leerer Baumscheiben mit <strong>Stadtb\u00e4umen<\/strong>,<\/li>\n<li><strong>Ereignisb\u00e4ume <\/strong>zu besonderen Anl\u00e4ssen und<\/li>\n<li>den Aufbau eines <strong>Klimawaldes<\/strong>.<\/li>\n<\/ul>\n<p><strong>Und was kostet das?<br \/>\n<\/strong>Ein Beitrag zum <strong>Klimawald<\/strong> ist ohne Mindestbetrag m\u00f6glich. Die Pflanzung eines <strong>Stadt- bzw. Ereignisbaums<\/strong> ist mit einem <strong>Spendenbetrag von 250 bis 1.800 Euro<\/strong> m\u00f6glich. Der Mindestbetrag von 250 \u20ac deckt in etwa den Einkaufspreis inklusive der Lieferung, w\u00e4hrend der H\u00f6chstsatz die komplette Pflanzung eines Baumes ein\u00adschlie\u00dflich seiner Jungbaumpflege umfasst.<br \/>\nDie Baumspende ist bei allen drei Varianten steuerlich absetzbar.<\/p>\n<p><strong>Was muss ich tun?<br \/>\n<\/strong>Um f\u00fcr einen <strong>Ereignisbaum<\/strong> oder f\u00fcr den <strong>Klimawald <\/strong>zu spenden, nehmt bitte mit dem <strong>Fachbereich Stadtgr\u00fcn und Sport<\/strong> Kontakt auf. Dort k\u00f6nnt ihr alles Weitere besprechen.<\/p>\n<p><strong>Kann ich den Standort selber aussuchen?<br \/>\n<\/strong>Den Standort f\u00fcr einen <strong>Stadtbaum<\/strong> k\u00f6nnt ihr ganz einfach selber auf dieser<br \/>\n<strong><a href=\"https:\/\/geoportal.braunschweig.de\/WebOfficeNet\/synserver?project=Baumkataster_Net\" target=\"_blank\" rel=\"noopener noreferrer\">Interaktiven Baumspendenkarte<\/a><\/strong> aussuchen: <a href=\"https:\/\/fuerimmerfreitag.de\/wp-content\/uploads\/2021\/05\/Karte.jpg\" target=\"_blank\" rel=\"noopener noreferrer\"><img loading=\"lazy\" decoding=\"async\" class=\"alignright wp-image-1576\" src=\"https:\/\/fuerimmerfreitag.de\/wp-content\/uploads\/2021\/05\/Karte-300x141.jpg\" alt=\"\" width=\"381\" height=\"179\" srcset=\"https:\/\/fuerimmerfreitag.de\/wp-content\/uploads\/2021\/05\/Karte-300x141.jpg 300w, https:\/\/fuerimmerfreitag.de\/wp-content\/uploads\/2021\/05\/Karte-1024x480.jpg 1024w, https:\/\/fuerimmerfreitag.de\/wp-content\/uploads\/2021\/05\/Karte-768x360.jpg 768w, https:\/\/fuerimmerfreitag.de\/wp-content\/uploads\/2021\/05\/Karte-1536x720.jpg 1536w, https:\/\/fuerimmerfreitag.de\/wp-content\/uploads\/2021\/05\/Karte.jpg 1912w\" sizes=\"auto, (max-width: 381px) 100vw, 381px\" \/><\/a><\/p>\n<p>In der Karte kann man entweder direkt nach freien Standorten suchen, oder im Men\u00fc oben links gezielt nach Adressen suchen.<\/p>\n<p>Die Freien Standorte werden durch pinke Punkte markiert. <a href=\"https:\/\/fuerimmerfreitag.de\/wp-content\/uploads\/2021\/05\/Freie-Plaetze.jpg\" target=\"_blank\" rel=\"noopener noreferrer\"><img loading=\"lazy\" decoding=\"async\" class=\"alignleft wp-image-1577 size-medium\" src=\"https:\/\/fuerimmerfreitag.de\/wp-content\/uploads\/2021\/05\/Freie-Plaetze-300x190.jpg\" alt=\"\" width=\"300\" height=\"190\" srcset=\"https:\/\/fuerimmerfreitag.de\/wp-content\/uploads\/2021\/05\/Freie-Plaetze-300x190.jpg 300w, https:\/\/fuerimmerfreitag.de\/wp-content\/uploads\/2021\/05\/Freie-Plaetze-768x486.jpg 768w, https:\/\/fuerimmerfreitag.de\/wp-content\/uploads\/2021\/05\/Freie-Plaetze.jpg 1023w\" sizes=\"auto, (max-width: 300px) 100vw, 300px\" \/><\/a><\/p>\n<p>Mit einem Klick darauf geht es weiter.<br \/>\nEs \u00f6ffnet sich ein Pop-Up-Fenster mit der Standortnummer und der Spendenanmeldung. Nach Eingang der Spendenanmeldung erh\u00e4lt man eine Best\u00e4tigungsmail mit weiteren Informationen f\u00fcr die Baumspende.<\/p>\n<p>&nbsp;<\/p>\n<p>Weitere Informationen bekommt ihr beim:<br \/>\n<strong>Fachbereich Stadtgr\u00fcn und Sport<br \/>\n<\/strong><a href=\"https:\/\/www.braunschweig.de\/baumspende\"><strong>https:\/\/www.braunschweig.de\/baumspende<\/strong><\/a><strong><br \/>\n<\/strong>Tel.: <a href=\"tel:+49-531-4705000\">0531 4705000<\/a><br \/>\nE-Mail-Adresse: <a href=\"mailto:baumspende%E2%9A%B9braunschweig%E2%97%A6de\">baumspende@braunschweig.de<\/a><\/p>\n<p>Sicherlich ist dieser st\u00e4dtische Spendenaufruf nur ein kleiner Baustein im gesamten Spektrum der notwendigen Klimaschutzma\u00dfnahmen, die \u2013 in Braunschweig ebenso wie in allen anderen St\u00e4dten \u2013 zeitnah ergriffen werden m\u00fcssen. Die Aktion bietet jedoch gerade f\u00fcr die Menschen, die wenig Zeit haben und sich dennoch f\u00fcr den Klimaschutz in Braunschweig einsetzen wollen, oder auch f\u00fcr Vereine, Gruppen und Unternehmen, die gemeinsam ein Zeichen setzen wollen, eine gute, nachhaltig wirkende M\u00f6glichkeit, einen Beitrag f\u00fcr ein gr\u00fcner werdendes Braunschweig zu leisten.<\/p>\n<p>&nbsp;<\/p>\n<p>&nbsp;<\/p>\n","protected":false},"excerpt":{"rendered":"<p>Unsere Stadt soll gr\u00fcner werden. Jeder Baum mehr tr\u00e4gt dazu bei, das Klima in unserer Stadt in so vielf\u00e4ltiger Weise zu verbessern. So gilt es einerseits den vorhandenen Baumbestand zu sch\u00fctzen und zu erweitern, aber auch, Ausf\u00e4lle im vorhandenen Baumbestand aufgrund von Alter, Trockenheit, St\u00fcrmen oder Sch\u00e4dlingen auszugleichen. Der Einsatz f\u00fcr B\u00e4ume beginnt im eigenen [&hellip;]<\/p>\n","protected":false},"author":1,"featured_media":1575,"comment_status":"closed","ping_status":"closed","sticky":false,"template":"","format":"standard","meta":{"footnotes":""},"categories":[3,4],"tags":[],"class_list":["post-1574","post","type-post","status-publish","format-standard","has-post-thumbnail","hentry","category-blog-2","category-braunschweig"],"jetpack_featured_media_url":"https:\/\/fuerimmerfreitag.de\/wp-content\/uploads\/2021\/05\/Baum-3_klein.jpg","_links":{"self":[{"href":"https:\/\/fuerimmerfreitag.de\/index.php?rest_route=\/wp\/v2\/posts\/1574","targetHints":{"allow":["GET"]}}],"collection":[{"href":"https:\/\/fuerimmerfreitag.de\/index.php?rest_route=\/wp\/v2\/posts"}],"about":[{"href":"https:\/\/fuerimmerfreitag.de\/index.php?rest_route=\/wp\/v2\/types\/post"}],"author":[{"embeddable":true,"href":"https:\/\/fuerimmerfreitag.de\/index.php?rest_route=\/wp\/v2\/users\/1"}],"replies":[{"embeddable":true,"href":"https:\/\/fuerimmerfreitag.de\/index.php?rest_route=%2Fwp%2Fv2%2Fcomments&post=1574"}],"version-history":[{"count":0,"href":"https:\/\/fuerimmerfreitag.de\/index.php?rest_route=\/wp\/v2\/posts\/1574\/revisions"}],"wp:featuredmedia":[{"embeddable":true,"href":"https:\/\/fuerimmerfreitag.de\/index.php?rest_route=\/wp\/v2\/media\/1575"}],"wp:attachment":[{"href":"https:\/\/fuerimmerfreitag.de\/index.php?rest_route=%2Fwp%2Fv2%2Fmedia&parent=1574"}],"wp:term":[{"taxonomy":"category","embeddable":true,"href":"https:\/\/fuerimmerfreitag.de\/index.php?rest_route=%2Fwp%2Fv2%2Fcategories&post=1574"},{"taxonomy":"post_tag","embeddable":true,"href":"https:\/\/fuerimmerfreitag.de\/index.php?rest_route=%2Fwp%2Fv2%2Ftags&post=1574"}],"curies":[{"name":"wp","href":"https:\/\/api.w.org\/{rel}","templated":true}]}}