{"id":1540,"date":"2021-04-23T06:54:40","date_gmt":"2021-04-23T06:54:40","guid":{"rendered":"https:\/\/fuerimmerfreitag.de\/?p=1540"},"modified":"2024-05-16T11:12:33","modified_gmt":"2024-05-16T09:12:33","slug":"morgen-gehoert-uns","status":"publish","type":"post","link":"https:\/\/fuerimmerfreitag.de\/?p=1540","title":{"rendered":"Morgen geh\u00f6rt uns"},"content":{"rendered":"<p>Um Ver\u00e4nderungen anzupacken braucht es Entschlossenheit, \u00dcberzeugung und auch mehr oder weniger \u00dcberwindung es einfach anzugehen.<br \/>\nEine Anregung dazu? Bekommt ihr in diesem wunderbaren Film!<\/p>\n<p>\u201cEs ist unglaublich zu realisieren an welchem Punkt wir, die Erwachsenen, aufgegeben haben. Der Hunger, das Elend, die Obdachlosen, die Arbeitslosigkeit! Wenn man ein Erwachsener ist, sagt man sich, das sind die Probleme, die zu gro\u00df sind, als dass man sie angehen k\u00f6nnte. Kinder denken \u00fcberhaupt nicht so.\u201c sagt der Regisseur Gilles de Maistre \u00fcber seinen Film.<\/p>\n<p>Kinder aus verschiedenen L\u00e4ndern haben Projekte ins Leben gerufen, um in ihrer unmittelbaren Nachbarschaft die Welt besser zu machen. Unbeirrt nehmen sie die Dinge in die Hand, die ihnen wichtig sind. Sie k\u00e4mpfen gegen Umweltverschmutzung, fehlende Schulbildung, Obdachlosigkeit oder Kinderehen.<\/p>\n<p style=\"text-align: center;\"><strong>JOS\u00c9 ADOLFO \u2013 13 JAHRE \u2013 AREQUIPA, PERU<br \/>\n<\/strong><\/p>\n<p><img loading=\"lazy\" decoding=\"async\" class=\"size-medium wp-image-1547 alignleft\" src=\"https:\/\/fuerimmerfreitag.de\/wp-content\/uploads\/2021\/04\/mgh_pressefoto_07-300x176.jpg\" alt=\"\" width=\"300\" height=\"176\" srcset=\"https:\/\/fuerimmerfreitag.de\/wp-content\/uploads\/2021\/04\/mgh_pressefoto_07-300x176.jpg 300w, https:\/\/fuerimmerfreitag.de\/wp-content\/uploads\/2021\/04\/mgh_pressefoto_07.jpg 570w\" sizes=\"auto, (max-width: 300px) 100vw, 300px\" \/><\/p>\n<p>Jos\u00e9 Adolfo gr\u00fcndete mit sieben Jahren eine Umweltbank. Andere Kinder k\u00f6nnen bei ihm ein Konto er\u00f6ffnen, indem sie mindestens f\u00fcnf Kilo wiederverwertbaren Hausm\u00fcll (Plastik oder Papier) \u201eeinzahlen\u201c. Weiterhin sollen sie monatlich mindestens ein Kilo recyclingf\u00e4higen M\u00fcll sammeln. Der so gesammelte M\u00fcll wird an spezialisierte Unternehmen verkauft. Im Gegenzug erhalten die Kinder symbolisch Geld, das sie gegen reales Geld eintauschen k\u00f6nnen. Heute sind 3000 Kinder zwischen zehn und achtzehn Jahren bei Jos\u00e9 Adolfo Kunden.<\/p>\n<p style=\"text-align: center;\"><strong>ARTHUR \u2013 10 JAHRE \u2013 CAMBRAI, FRANKREICH<br \/>\n<\/strong><\/p>\n<p><img loading=\"lazy\" decoding=\"async\" class=\"size-medium wp-image-1545 alignleft\" src=\"https:\/\/fuerimmerfreitag.de\/wp-content\/uploads\/2021\/04\/mgh_pressefoto_05-300x199.jpg\" alt=\"\" width=\"300\" height=\"199\" srcset=\"https:\/\/fuerimmerfreitag.de\/wp-content\/uploads\/2021\/04\/mgh_pressefoto_05-300x199.jpg 300w, https:\/\/fuerimmerfreitag.de\/wp-content\/uploads\/2021\/04\/mgh_pressefoto_05.jpg 570w\" sizes=\"auto, (max-width: 300px) 100vw, 300px\" \/>In Cambrai verkauft Arthur seine selbstgemalten Bilder, um Essen und Kleider f\u00fcr Obdachlose kaufen zu k\u00f6nnen. Bis heute hat er an die hundert Bilder verkauft. Mit dem erwirtschafteten Geld geht Arthur einkaufen und packt T\u00fcten mit Essen, Kleidung und anderen lebensnotwendigen Dingen. Gemeinsam mit seiner Mutter bringt er die gepackten T\u00fcten zu den Obdachlosen. Sein gr\u00f6\u00dfter Wunsch ist es, einmal so viel Geld zu haben, dass er ein Haus f\u00fcr all die Obdachlosen kaufen kann, in dem sie ein Zuhause haben und in W\u00fcrde leben k\u00f6nnen.<\/p>\n<p style=\"text-align: center;\"><strong>A\u00cfSSATOU \u2013 12 JAHRE \u2013 CONAKRY, GUINEA<br \/>\n<\/strong><\/p>\n<p><img loading=\"lazy\" decoding=\"async\" class=\"size-medium wp-image-1548 alignleft\" src=\"https:\/\/fuerimmerfreitag.de\/wp-content\/uploads\/2021\/04\/mgh_pressefoto_09-300x199.jpg\" alt=\"\" width=\"300\" height=\"199\" srcset=\"https:\/\/fuerimmerfreitag.de\/wp-content\/uploads\/2021\/04\/mgh_pressefoto_09-300x199.jpg 300w, https:\/\/fuerimmerfreitag.de\/wp-content\/uploads\/2021\/04\/mgh_pressefoto_09.jpg 570w\" sizes=\"auto, (max-width: 300px) 100vw, 300px\" \/><\/p>\n<p>A\u00efssatou hat sich dem Kampf gegen Gewalt, die Frauen in ihrem Land angetan wird, verschrieben. A\u00efssatou spricht auf den M\u00e4rkten mit den Leuten, verschafft sich zusammen mit gleichgesinnten M\u00e4dchen durch Aktionen Geh\u00f6r, spricht unerm\u00fcdlich bei den institutionellen Stellen vor, um die Politiker dazu zu bringen, sich st\u00e4rker gegen die stillschweigend geduldeten Kinderehen zu positionieren. Wenn sie von einer Hochzeit mit einer Minderj\u00e4hrigen erf\u00e4hrt, versucht sie zusammen mit anderen Frauen diese zu verhindern. Im Fall einer bereits geschlossenen Kinderehe kl\u00e4rt A\u00efssatou die Betroffene \u00fcber die einzelnen Schritte auf, die getan werden m\u00fcssen, um die Eheschlie\u00dfung wieder zu annullieren.<\/p>\n<p style=\"text-align: center;\"><strong>HEENA \u2013 11 JAHRE \u2013 NEU DELHI, INDIEN<br \/>\n<\/strong><\/p>\n<p><img loading=\"lazy\" decoding=\"async\" class=\"size-medium wp-image-1544 alignleft\" src=\"https:\/\/fuerimmerfreitag.de\/wp-content\/uploads\/2021\/04\/mgh_pressefoto_02-300x176.jpg\" alt=\"\" width=\"300\" height=\"176\" srcset=\"https:\/\/fuerimmerfreitag.de\/wp-content\/uploads\/2021\/04\/mgh_pressefoto_02-300x176.jpg 300w, https:\/\/fuerimmerfreitag.de\/wp-content\/uploads\/2021\/04\/mgh_pressefoto_02.jpg 570w\" sizes=\"auto, (max-width: 300px) 100vw, 300px\" \/><\/p>\n<p>Balaknama ist ein monatlich erscheinendes Magazin, das von Kindern geschrieben wird, die in Neu Delhi auf der Stra\u00dfe leben und arbeiten. Balaknama hei\u00dft \u201edie Stimme der Kinder\u201c. Ihre Geschichten handeln von den zahlreichen Problemen, mit denen sie allt\u00e4glich konfrontiert sind, aber auch von ihren Hoffnungen auf ein besseres Leben. Heena ist eine von diesen Kinderreportern. Die gedruckten Zeitungen werden von den Kinderreportern an andere von Obdachlosigkeit oder Kinderarbeit betroffenen Kinder verteilt oder in Lesungen f\u00fcr junge Analphabeten vorgestellt. Heena setzt sich dar\u00fcber hinaus daf\u00fcr ein, dass die Kinder auf der Stra\u00dfe Lesen und Schreiben lernen.<\/p>\n<p style=\"text-align: center;\"><strong>KEVIN, JOCELYN UND PETER 10, 12 UND 13 JAHRE \u2013 POTOS\u00cd, BOLIVIEN<br \/>\n<\/strong><\/p>\n<p><img loading=\"lazy\" decoding=\"async\" class=\"size-medium wp-image-1546 alignleft\" src=\"https:\/\/fuerimmerfreitag.de\/wp-content\/uploads\/2021\/04\/mgh_pressefoto_06-300x176.jpg\" alt=\"\" width=\"300\" height=\"176\" srcset=\"https:\/\/fuerimmerfreitag.de\/wp-content\/uploads\/2021\/04\/mgh_pressefoto_06-300x176.jpg 300w, https:\/\/fuerimmerfreitag.de\/wp-content\/uploads\/2021\/04\/mgh_pressefoto_06.jpg 570w\" sizes=\"auto, (max-width: 300px) 100vw, 300px\" \/><\/p>\n<p>In Bolivien, einem Land von elf Millionen Einwohnern, wird die Existenz von \u00fcber einer Million Kinderarbeitern als normal angesehen. Angesichts der extremen Armut scheint sie in armen Familien oft ein unumg\u00e4ngliches Schicksal. Die Kinder, die in Minen und Ziegeleien arbeiten, haben eine Gewerkschaft gegr\u00fcndet, um sich selbst vor ausbeuterischen Arbeitgebern zu sch\u00fctzen. Tats\u00e4chlich existiert diese Vereinigung auch, um ihr Recht auf Arbeit zu verteidigen. Dar\u00fcber hinaus setzen sie sich in ihren Kindergewerkschaften f\u00fcr eine Verbesserung ihrer Arbeitsbedingungen und Entlohnung ein \u2013 so wie sie auch ihre erwachsenen Kollegen erstritten haben.<\/p>\n<p>Die unbefangene Ernsthaftigkeit, die mitrei\u00dfende Fr\u00f6hlichkeit und die unbezwingbare Energie und Entschiedenheit dieser Kinder ist es, was diesen Film so einzigartig macht. Dass ausgerechnet Kinder so unbeirrt ihren Weg gehen, ist anr\u00fchrend und inspirierend.<br \/>\nEs darf dabei ja auch nicht vergessen werden, dass die Lebensbedingungen dieser Kinder zumeist ebenfalls nicht die besten sind.<\/p>\n<p>Aber wie schaffen sie es, aktiv zu werden, statt in Resignation zu verharren. Regisseur de Maistre erkl\u00e4rt die einfache L\u00f6sung:<br \/>\n<strong>\u201eSie sagen nicht: \u201cIch l\u00f6se das Problem der Hungersnot\u201c, sondern: \u201cIch werde zehn Personen in meinem Viertel helfen.\u201c Und wenn Tausende von Kindern oder Tausende von Leuten dies tun w\u00fcrden, dann k\u00f6nnte man selbstverst\u00e4ndlich auch die gro\u00dfen Probleme l\u00f6sen.\u201c<\/strong><\/p>\n<p>Schaut Euch hier den Trailer an:<\/p>\n<p><iframe loading=\"lazy\" title=\"Kinotrailer &quot;Morgen geh\u00f6rt uns&quot;\" width=\"780\" height=\"439\" src=\"https:\/\/www.youtube.com\/embed\/iuVzXtE1V3M?feature=oembed\" frameborder=\"0\" allow=\"accelerometer; autoplay; clipboard-write; encrypted-media; gyroscope; picture-in-picture\" allowfullscreen><\/iframe><\/p>\n<p><strong>Ein Film von Gilles de Maistre<br \/>\nDokumentarfilm, Frankreich 2019, 84 Minuten<br \/>\nFSK: Freigegeben ohne Altersbeschr\u00e4nkung<\/strong><\/p>\n<p><em>~ Einen Kinostart gibt es derzeit noch nicht. Coronabedingt sind die Kinos ja noch geschlossen. Sobald sich das \u00e4ndert, erfahrt ihr bei uns wann und wie es weiter geht! ~<\/em><\/p>\n","protected":false},"excerpt":{"rendered":"<p>Um Ver\u00e4nderungen anzupacken braucht es Entschlossenheit, \u00dcberzeugung und auch mehr oder weniger \u00dcberwindung es einfach anzugehen. Eine Anregung dazu? Bekommt ihr in diesem wunderbaren Film! \u201cEs ist unglaublich zu realisieren an welchem Punkt wir, die Erwachsenen, aufgegeben haben. Der Hunger, das Elend, die Obdachlosen, die Arbeitslosigkeit! Wenn man ein Erwachsener ist, sagt man sich, das [&hellip;]<\/p>\n","protected":false},"author":1,"featured_media":1551,"comment_status":"closed","ping_status":"closed","sticky":false,"template":"","format":"standard","meta":{"footnotes":""},"categories":[3,14],"tags":[],"class_list":["post-1540","post","type-post","status-publish","format-standard","has-post-thumbnail","hentry","category-blog-2","category-filme"],"jetpack_featured_media_url":"https:\/\/fuerimmerfreitag.de\/wp-content\/uploads\/2021\/04\/morgen-gehoert-uns-titel.png","_links":{"self":[{"href":"https:\/\/fuerimmerfreitag.de\/index.php?rest_route=\/wp\/v2\/posts\/1540","targetHints":{"allow":["GET"]}}],"collection":[{"href":"https:\/\/fuerimmerfreitag.de\/index.php?rest_route=\/wp\/v2\/posts"}],"about":[{"href":"https:\/\/fuerimmerfreitag.de\/index.php?rest_route=\/wp\/v2\/types\/post"}],"author":[{"embeddable":true,"href":"https:\/\/fuerimmerfreitag.de\/index.php?rest_route=\/wp\/v2\/users\/1"}],"replies":[{"embeddable":true,"href":"https:\/\/fuerimmerfreitag.de\/index.php?rest_route=%2Fwp%2Fv2%2Fcomments&post=1540"}],"version-history":[{"count":1,"href":"https:\/\/fuerimmerfreitag.de\/index.php?rest_route=\/wp\/v2\/posts\/1540\/revisions"}],"predecessor-version":[{"id":3499,"href":"https:\/\/fuerimmerfreitag.de\/index.php?rest_route=\/wp\/v2\/posts\/1540\/revisions\/3499"}],"wp:featuredmedia":[{"embeddable":true,"href":"https:\/\/fuerimmerfreitag.de\/index.php?rest_route=\/wp\/v2\/media\/1551"}],"wp:attachment":[{"href":"https:\/\/fuerimmerfreitag.de\/index.php?rest_route=%2Fwp%2Fv2%2Fmedia&parent=1540"}],"wp:term":[{"taxonomy":"category","embeddable":true,"href":"https:\/\/fuerimmerfreitag.de\/index.php?rest_route=%2Fwp%2Fv2%2Fcategories&post=1540"},{"taxonomy":"post_tag","embeddable":true,"href":"https:\/\/fuerimmerfreitag.de\/index.php?rest_route=%2Fwp%2Fv2%2Ftags&post=1540"}],"curies":[{"name":"wp","href":"https:\/\/api.w.org\/{rel}","templated":true}]}}